{"id":15738,"date":"2019-08-21T00:00:26","date_gmt":"2019-08-21T04:00:26","guid":{"rendered":"https:\/\/www.radioamigavallenar.cl\/?p=15738"},"modified":"2019-08-20T21:53:21","modified_gmt":"2019-08-21T01:53:21","slug":"fiscalia-abre-investigaciones-por-derrames-de-faenas-mineras-ocurridos-en-copiapo","status":"publish","type":"post","link":"https:\/\/www.radioamigavallenar.cl\/?p=15738","title":{"rendered":"Fiscal\u00eda abre investigaciones por derrames de faenas mineras ocurridos en Copiap\u00f3"},"content":{"rendered":"\n<figure class=\"wp-block-image\"><img loading=\"lazy\" decoding=\"async\" width=\"800\" height=\"600\" src=\"https:\/\/www.radioamigavallenar.cl\/wp-content\/uploads\/2019\/08\/LUIS-MIRANDA-800x600.jpeg\" alt=\"\" class=\"wp-image-15739\" srcset=\"https:\/\/www.radioamigavallenar.cl\/wp-content\/uploads\/2019\/08\/LUIS-MIRANDA-800x600.jpeg 800w, https:\/\/www.radioamigavallenar.cl\/wp-content\/uploads\/2019\/08\/LUIS-MIRANDA-800x600-300x225.jpeg 300w, https:\/\/www.radioamigavallenar.cl\/wp-content\/uploads\/2019\/08\/LUIS-MIRANDA-800x600-768x576.jpeg 768w\" sizes=\"auto, (max-width: 800px) 100vw, 800px\" \/><\/figure>\n\n\n\n<p>La Fiscal\u00eda de Atacama se encuentra en pleno desarrollo de investigaciones que dicen relaci\u00f3n con la responsabilidad en el manejo de residuos peligrosos y t\u00f3xicos ligados a derrames de material minero que ocurrieron en distintos sectores de Copiap\u00f3, frente a lo cual se abrieron causas por oficio una vez que se tom\u00f3 conocimiento de lo ocurrido.<\/p>\n\n\n\n<p>Ambos casos est\u00e1n siendo indagados por el fiscal Luis Miranda Flores, quien manifest\u00f3 que se busca determinar si se est\u00e1 o no ante hechos que se ajusten a delitos medioambientales. Para ello, orden\u00f3 diligencias investigativas a funcionarios especializados de la Bidema de la PDI, en colaboraci\u00f3n con la Superintendencia del Medio Ambiente, Onemi, Sernageomin y otros organismos auxiliares de apoyo a la funci\u00f3n del Ministerio P\u00fablico.<\/p>\n\n\n\n<p>Respecto de los casos, indic\u00f3 que el primero de ellos ocurri\u00f3 el pasado 25 de julio en el sector de la ruta C-31 cercana al camino Internacional, lugar en que por causas que son materia de investigaci\u00f3n una tuber\u00eda transportadora de relave perteneciente a la empresa Atacama Kozan, origin\u00f3 un derrame de material que oblig\u00f3 a equipos de emergencia a realizar tareas destinadas a controlar la fuga y evitar que escurriera a otros sectores.<\/p>\n\n\n\n<p>Un segundo hecho de similares caracter\u00edsticas se detect\u00f3 el pasado 01 de agosto en las inmediaciones de la Mina San Jos\u00e9, lugar en que personas que circulaban por el sector detectaron la fuga de un material que result\u00f3 ser pulpa de mineral de fierro desde un ducto perteneciente a la minera Cerro Negro Norte. Lo que motiv\u00f3 las acciones respectivas tendientes a recuperar el material y evitar su avance a otras zonas del desierto.<\/p>\n\n\n\n<p>Respecto de ambos hechos la Fiscal\u00eda de Atacama tom\u00f3 conocimiento y abri\u00f3 investigaciones por oficio luego que el fiscal Miranda se hiciera presente en las emergencias medioambientales, ocasi\u00f3n en que recab\u00f3 los primeros antecedentes.<\/p>\n\n\n\n<p>En relaci\u00f3n a las causas, el fiscal indic\u00f3 que actualmente se est\u00e1 a la espera de los resultados de las diligencias investigativas ordenadas a los funcionarios policiales, cuyos informes ser\u00e1n analizados jur\u00eddicamente para determinar las acciones a seguir en materia de persecuci\u00f3n penal de un posible delito al medioambiente.<\/p>\n","protected":false},"excerpt":{"rendered":"<p>La Fiscal\u00eda de Atacama se encuentra en pleno desarrollo de investigaciones que dicen relaci\u00f3n con la responsabilidad en el manejo de residuos peligrosos y t\u00f3xicos&hellip; <\/p>\n","protected":false},"author":2,"featured_media":15739,"comment_status":"open","ping_status":"closed","sticky":false,"template":"","format":"standard","meta":{"footnotes":""},"categories":[7,34],"tags":[],"class_list":["post-15738","post","type-post","status-publish","format-standard","has-post-thumbnail","hentry","category-atacama","category-mineria"],"_links":{"self":[{"href":"https:\/\/www.radioamigavallenar.cl\/index.php?rest_route=\/wp\/v2\/posts\/15738","targetHints":{"allow":["GET"]}}],"collection":[{"href":"https:\/\/www.radioamigavallenar.cl\/index.php?rest_route=\/wp\/v2\/posts"}],"about":[{"href":"https:\/\/www.radioamigavallenar.cl\/index.php?rest_route=\/wp\/v2\/types\/post"}],"author":[{"embeddable":true,"href":"https:\/\/www.radioamigavallenar.cl\/index.php?rest_route=\/wp\/v2\/users\/2"}],"replies":[{"embeddable":true,"href":"https:\/\/www.radioamigavallenar.cl\/index.php?rest_route=%2Fwp%2Fv2%2Fcomments&post=15738"}],"version-history":[{"count":0,"href":"https:\/\/www.radioamigavallenar.cl\/index.php?rest_route=\/wp\/v2\/posts\/15738\/revisions"}],"wp:featuredmedia":[{"embeddable":true,"href":"https:\/\/www.radioamigavallenar.cl\/index.php?rest_route=\/wp\/v2\/media\/15739"}],"wp:attachment":[{"href":"https:\/\/www.radioamigavallenar.cl\/index.php?rest_route=%2Fwp%2Fv2%2Fmedia&parent=15738"}],"wp:term":[{"taxonomy":"category","embeddable":true,"href":"https:\/\/www.radioamigavallenar.cl\/index.php?rest_route=%2Fwp%2Fv2%2Fcategories&post=15738"},{"taxonomy":"post_tag","embeddable":true,"href":"https:\/\/www.radioamigavallenar.cl\/index.php?rest_route=%2Fwp%2Fv2%2Ftags&post=15738"}],"curies":[{"name":"wp","href":"https:\/\/api.w.org\/{rel}","templated":true}]}}