{"id":15734,"date":"2019-08-20T12:25:19","date_gmt":"2019-08-20T16:25:19","guid":{"rendered":"https:\/\/www.radioamigavallenar.cl\/?p=15734"},"modified":"2019-08-20T12:25:20","modified_gmt":"2019-08-20T16:25:20","slug":"servicios-focalizados-de-carabineros-dejaron-22-detenidos-en-atacama","status":"publish","type":"post","link":"https:\/\/www.radioamigavallenar.cl\/?p=15734","title":{"rendered":"Servicios focalizados de carabineros dejaron 22 detenidos en Atacama."},"content":{"rendered":"\n<div class=\"wp-block-image\"><figure class=\"aligncenter is-resized\"><img loading=\"lazy\" decoding=\"async\" src=\"https:\/\/www.radioamigavallenar.cl\/wp-content\/uploads\/2019\/08\/bc6de5e0-d99a-41cc-b04c-ca8654617bde.jpg\" alt=\"\" class=\"wp-image-15735\" width=\"525\" height=\"497\" srcset=\"https:\/\/www.radioamigavallenar.cl\/wp-content\/uploads\/2019\/08\/bc6de5e0-d99a-41cc-b04c-ca8654617bde.jpg 790w, https:\/\/www.radioamigavallenar.cl\/wp-content\/uploads\/2019\/08\/bc6de5e0-d99a-41cc-b04c-ca8654617bde-300x284.jpg 300w, https:\/\/www.radioamigavallenar.cl\/wp-content\/uploads\/2019\/08\/bc6de5e0-d99a-41cc-b04c-ca8654617bde-768x728.jpg 768w\" sizes=\"auto, (max-width: 525px) 100vw, 525px\" \/><\/figure><\/div>\n\n\n\n<p>Durante esta jornada se desarrollaron m\u00e1s de mil 600 controles y fiscalizaciones. <\/p>\n\n\n\n<p>Las fiscalizaciones y controles preventivos del personal de Carabineros de la Prefectura Atacama continuar\u00e1n esta semana, con el objeto de evitar los hechos delictuales, detener a los infractores y sensibilizar a la ciudadan\u00eda en temas de autocuidado y seguridad. Es as\u00ed como dentro de esta labor focalizadas, durante la jornada del d\u00eda lunes se llevaron a efecto mil 649 controles y fiscalizaciones, trabajo que permiti\u00f3 detener a 22 personas con orden de aprehensi\u00f3n vigente y otras en delitos flagrantes. <\/p>\n\n\n\n<p>De acuerdo a la informaci\u00f3n entregada por el Prefecto (S) de la Prefectura, teniente coronel Juan C\u00e1rdenas, estos servicios preventivos se realizaron en cada una de las comunas de la regi\u00f3n de Atacama, con \u00e9nfasis en aquellas localidades y sectores donde existe informaci\u00f3n que se est\u00e1n cometiendo delitos. <\/p>\n\n\n\n<p>A partir de este trabajo georreferenciados se logr\u00f3 detener estas 22 personas, de las cuales 11 de ellas fueron sorprendidas en delitos flagrantes y otras 11 manten\u00edan orden vigente u orden de arresto, emanadas por los tribunales de la regi\u00f3n. Entre los delitos de mayor connotaci\u00f3n social, el comandante C\u00e1rdenas dijo que destacan el robo de accesorio de veh\u00edculos, hurto, receptaci\u00f3n, da\u00f1os, y otros. <\/p>\n\n\n\n<p>Tambi\u00e9n durante esta labor preventiva se llevaron a cabo 347 controles de identidad, 725 controles vehiculares donde se cursaron 12 infracciones al tr\u00e1nsito. Tambi\u00e9n se realizaron 577 fiscalizaciones a locales comerciales, entidades financieras, servicentros, y cumplimiento de medidas cautelares, entre otras. El comandante C\u00e1rdenas dijo por \u00faltimo, que estos servicios seguir\u00e1n desarroll\u00e1ndose durante estos d\u00edas \u201cqueremos llevar tranquilidad a la ciudadan\u00eda, por eso estamos focalizando nuestros servicios y esto es una muestra palpable que estamos logrando nuestro prop\u00f3sito, pero tambi\u00e9n debemos insistir en la prevenci\u00f3n y autocuidado, porque en la medida que las personas asuman esta responsabilidad podremos evitar los delitos\u201d, coment\u00f3 finalmente el oficial de Carabineros. <\/p>\n","protected":false},"excerpt":{"rendered":"<p>Durante esta jornada se desarrollaron m\u00e1s de mil 600 controles y fiscalizaciones. Las fiscalizaciones y controles preventivos del personal de Carabineros de la Prefectura Atacama&hellip; <\/p>\n","protected":false},"author":2,"featured_media":15735,"comment_status":"open","ping_status":"closed","sticky":false,"template":"","format":"standard","meta":{"footnotes":""},"categories":[7,6],"tags":[],"class_list":["post-15734","post","type-post","status-publish","format-standard","has-post-thumbnail","hentry","category-atacama","category-policial"],"_links":{"self":[{"href":"https:\/\/www.radioamigavallenar.cl\/index.php?rest_route=\/wp\/v2\/posts\/15734","targetHints":{"allow":["GET"]}}],"collection":[{"href":"https:\/\/www.radioamigavallenar.cl\/index.php?rest_route=\/wp\/v2\/posts"}],"about":[{"href":"https:\/\/www.radioamigavallenar.cl\/index.php?rest_route=\/wp\/v2\/types\/post"}],"author":[{"embeddable":true,"href":"https:\/\/www.radioamigavallenar.cl\/index.php?rest_route=\/wp\/v2\/users\/2"}],"replies":[{"embeddable":true,"href":"https:\/\/www.radioamigavallenar.cl\/index.php?rest_route=%2Fwp%2Fv2%2Fcomments&post=15734"}],"version-history":[{"count":0,"href":"https:\/\/www.radioamigavallenar.cl\/index.php?rest_route=\/wp\/v2\/posts\/15734\/revisions"}],"wp:featuredmedia":[{"embeddable":true,"href":"https:\/\/www.radioamigavallenar.cl\/index.php?rest_route=\/wp\/v2\/media\/15735"}],"wp:attachment":[{"href":"https:\/\/www.radioamigavallenar.cl\/index.php?rest_route=%2Fwp%2Fv2%2Fmedia&parent=15734"}],"wp:term":[{"taxonomy":"category","embeddable":true,"href":"https:\/\/www.radioamigavallenar.cl\/index.php?rest_route=%2Fwp%2Fv2%2Fcategories&post=15734"},{"taxonomy":"post_tag","embeddable":true,"href":"https:\/\/www.radioamigavallenar.cl\/index.php?rest_route=%2Fwp%2Fv2%2Ftags&post=15734"}],"curies":[{"name":"wp","href":"https:\/\/api.w.org\/{rel}","templated":true}]}}