{"id":15724,"date":"2019-08-20T00:04:47","date_gmt":"2019-08-20T04:04:47","guid":{"rendered":"https:\/\/www.radioamigavallenar.cl\/?p=15724"},"modified":"2019-08-19T21:40:32","modified_gmt":"2019-08-20T01:40:32","slug":"con-paso-firme-se-materializan-compromisos-presidenciales-en-infraestructura-cultural-para-atacama","status":"publish","type":"post","link":"https:\/\/www.radioamigavallenar.cl\/?p=15724","title":{"rendered":"Con paso firme se materializan compromisos presidenciales en infraestructura cultural para Atacama"},"content":{"rendered":"\n<figure class=\"wp-block-image\"><img loading=\"lazy\" decoding=\"async\" width=\"750\" height=\"400\" src=\"https:\/\/www.radioamigavallenar.cl\/wp-content\/uploads\/2019\/08\/Captura-de-pantalla-2019-08-19-a-las-14.43.28.png\" alt=\"\" class=\"wp-image-15725\" srcset=\"https:\/\/www.radioamigavallenar.cl\/wp-content\/uploads\/2019\/08\/Captura-de-pantalla-2019-08-19-a-las-14.43.28.png 750w, https:\/\/www.radioamigavallenar.cl\/wp-content\/uploads\/2019\/08\/Captura-de-pantalla-2019-08-19-a-las-14.43.28-300x160.png 300w\" sizes=\"auto, (max-width: 750px) 100vw, 750px\" \/><\/figure>\n\n\n\n<p><strong><em>A fines de julio la Ministra Consuelo Vald\u00e9s dio inicio formal a la construcci\u00f3n del Centro de Creaci\u00f3n Art\u00edstica de Vallenar y a la Reposici\u00f3n de la Biblioteca P\u00fablica de Cha\u00f1aral, adelantando que prontamente se iniciar\u00e1 la construcci\u00f3n del Museo Regional en Copiap\u00f3.\u00a0A estas obras se suman la restauraci\u00f3n de la Casa Maldini, y del Palacete de la Villa Vi\u00f1a de Cristo en Copiap\u00f3.<\/em><\/strong><\/p>\n\n\n\n<p>El 18 de enero de este a\u00f1o, el Presidente Sebasti\u00e1n Pi\u00f1era visit\u00f3 la regi\u00f3n para dar a conocer el Plan Regional Atacama, mediante el que comprometi\u00f3 una serie de iniciativas y obras para mejorar la calidad de vida de los habitantes y promover el progreso de la regi\u00f3n, para lo cual se dispuso de una inversi\u00f3n de 11 mil millones de d\u00f3lares en los cuatro a\u00f1os de su mandato, en los que el fortalecimiento de la infraestructura cultural y art\u00edstica ya materializan importantes avances.<\/p>\n\n\n\n<p>As\u00ed lo dio a conocer la Seremi de las Culturas, las Artes y el Patrimonio de Atacama, Mar\u00eda Cecilia Simunovic Ram\u00edrez, que indic\u00f3 que estas inversiones en infraestructura cultural consideran la construcci\u00f3n del nuevo Museo Regional, la restauraciones de la Casa Maldini y del Palacete Villa Vi\u00f1a de Cristo en Copiap\u00f3, sum\u00e1ndose la construcci\u00f3n del nuevo Centro de Creaci\u00f3n Art\u00edstica (CECREA) de Vallenar.<\/p>\n\n\n\n<p>\u201cEstas obras, que son ejecutadas por la Direcci\u00f3n de Arquitectura del Ministerio de Obras P\u00fablicas (MOP), significan una inversi\u00f3n aproximada de 19 mil millones de pesos que en su mayor\u00eda est\u00e1n en ejecuci\u00f3n, y consideran en un alto porcentaje la contrataci\u00f3n de mano de obra local, con lo cual tambi\u00e9n se aporta al dinamismo de la econom\u00eda regional. Sin duda estas infraestructuras fortalecen las posibilidades de acceso a las culturas y las artes, la preservaci\u00f3n del patrimonio e identidad regional, y adem\u00e1s incrementan los espacios de desarrollo para la comunidad y los artistas locales\u201d, explic\u00f3 la Seremi de las Culturas.<\/p>\n\n\n\n<p><strong>OBRAS<\/strong><\/p>\n\n\n\n<p>La construcci\u00f3n que presenta mayores avances es la de la Casa Maldini con un 96% de ejecuci\u00f3n. Esta obra, declarada monumento nacional el 2008, y construida en 1915 por el inmigrante italiano Ambrosio Tornini, considera una inversi\u00f3n de 1.623 millones de pesos, que posibilitar\u00e1n habilitarla para el uso de iniciativas culturales y art\u00edsticas, gesti\u00f3n que estar\u00e1 a cargo de la Universidad de Atacama.<\/p>\n\n\n\n<p>A esta restauraci\u00f3n se agregan la construcci\u00f3n del CECREA Vallenar y la Biblioteca P\u00fablica de Cha\u00f1aral, que iniciaron formalmente sus obras el pasado 29 y 30 de julio cuando la Ministra de las Culturas, las Artes y el Patrimonio, Consuelo Vald\u00e9s, puso la primera piedra de ambas edificaciones.<\/p>\n\n\n\n<p>El Centro de Creaci\u00f3n Art\u00edstica o CECREA que estar\u00e1 ubicado en los terrenos del ex matadero municipal de Vallenar, es una obra de 2.090 millones de pesos, que considera diferentes espacios para el desarrollo de las culturas y las artes, especialmente por parte de ni\u00f1os, ni\u00f1as y j\u00f3venes, y que tambi\u00e9n estar\u00e1 disponible para la comunidad general. Se proyecta su entrega en aproximadamente de 360 d\u00edas m\u00e1s.<\/p>\n\n\n\n<p>\u201cLa reposici\u00f3n de la Biblioteca P\u00fablica de Cha\u00f1aral, destruida por los aluviones del 2015, contempla 992 metros cuadrados en los que se implementar\u00e1n salas de lectura, de audio, salones de capacitaci\u00f3n y multiuso, con una inversi\u00f3n de 2.377 millones de pesos, iniciativas que fortalecen la infraestructura necesaria para facilitar y promover el acceso a las culturas y las artes, que es una de las pol\u00edticas primordiales en materia de cultura de nuestro gobierno\u201d, declar\u00f3 la seremi.<\/p>\n\n\n\n<p>Otras de las infraestructuras del plan regional, es el Palacete Villa Vi\u00f1a de Cristo, ubicado en la Universidad de Atacama, y declarado monumento nacional en 1981. Esta obra contempla una inversi\u00f3n de 2.070 millones de pesos y ya se encuentra con Recomendaci\u00f3n Favorable (RS) del Ministerio de Desarrollo Social, lo que significa que est\u00e1 aprobada para postular a financiamiento.<\/p>\n\n\n\n<p><strong>MUSEO REGIONAL<\/strong><\/p>\n\n\n\n<p>\u201cEl Museo Regional para Atacama es una de las iniciativas en las que prontamente podreos poner la primera piedra para iniciar su construcci\u00f3n, el que contempla una inversi\u00f3n de 10.739 millones de pesos que posibilitar\u00e1n la habilitaci\u00f3n de un recinto de \u00faltima generaci\u00f3n con 6.445 metros cuadrados, con 3 pisos adem\u00e1s de 2 subterr\u00e1neos, en los que se habilitar\u00e1n laboratorios, bibliotecas, auditorio, salas de exhibiciones permanentes y temporales, entre otros espacios para el uso comunitario\u201d, subray\u00f3 la Seremi.<\/p>\n\n\n\n<p>La autoridad regional, comento que el nuevo Museo Regional se ubicar\u00e1 en la calle Alameda Manuel Antonio Matta de Copiap\u00f3, frente al centro cultural, y se proyecta que el inicio formal de su construcci\u00f3n sea los \u00faltimos d\u00edas del presente a\u00f1o, o en los primeros del 2020, declar\u00f3.<\/p>\n","protected":false},"excerpt":{"rendered":"<p>A fines de julio la Ministra Consuelo Vald\u00e9s dio inicio formal a la construcci\u00f3n del Centro de Creaci\u00f3n Art\u00edstica de Vallenar y a la Reposici\u00f3n&hellip; <\/p>\n","protected":false},"author":2,"featured_media":15725,"comment_status":"open","ping_status":"closed","sticky":false,"template":"","format":"standard","meta":{"footnotes":""},"categories":[7],"tags":[],"class_list":["post-15724","post","type-post","status-publish","format-standard","has-post-thumbnail","hentry","category-atacama"],"_links":{"self":[{"href":"https:\/\/www.radioamigavallenar.cl\/index.php?rest_route=\/wp\/v2\/posts\/15724","targetHints":{"allow":["GET"]}}],"collection":[{"href":"https:\/\/www.radioamigavallenar.cl\/index.php?rest_route=\/wp\/v2\/posts"}],"about":[{"href":"https:\/\/www.radioamigavallenar.cl\/index.php?rest_route=\/wp\/v2\/types\/post"}],"author":[{"embeddable":true,"href":"https:\/\/www.radioamigavallenar.cl\/index.php?rest_route=\/wp\/v2\/users\/2"}],"replies":[{"embeddable":true,"href":"https:\/\/www.radioamigavallenar.cl\/index.php?rest_route=%2Fwp%2Fv2%2Fcomments&post=15724"}],"version-history":[{"count":0,"href":"https:\/\/www.radioamigavallenar.cl\/index.php?rest_route=\/wp\/v2\/posts\/15724\/revisions"}],"wp:featuredmedia":[{"embeddable":true,"href":"https:\/\/www.radioamigavallenar.cl\/index.php?rest_route=\/wp\/v2\/media\/15725"}],"wp:attachment":[{"href":"https:\/\/www.radioamigavallenar.cl\/index.php?rest_route=%2Fwp%2Fv2%2Fmedia&parent=15724"}],"wp:term":[{"taxonomy":"category","embeddable":true,"href":"https:\/\/www.radioamigavallenar.cl\/index.php?rest_route=%2Fwp%2Fv2%2Fcategories&post=15724"},{"taxonomy":"post_tag","embeddable":true,"href":"https:\/\/www.radioamigavallenar.cl\/index.php?rest_route=%2Fwp%2Fv2%2Ftags&post=15724"}],"curies":[{"name":"wp","href":"https:\/\/api.w.org\/{rel}","templated":true}]}}