{"id":15721,"date":"2019-08-20T00:04:12","date_gmt":"2019-08-20T04:04:12","guid":{"rendered":"https:\/\/www.radioamigavallenar.cl\/?p=15721"},"modified":"2019-08-19T21:37:57","modified_gmt":"2019-08-20T01:37:57","slug":"diputada-cicardini-irregularidades-deben-ser-sancionadas-pero-no-justifican-inoperancia-del-gobierno-en-instalacion-del-slep","status":"publish","type":"post","link":"https:\/\/www.radioamigavallenar.cl\/?p=15721","title":{"rendered":"Diputada Cicardini \u201cIrregularidades deben ser sancionadas pero no justifican inoperancia del gobierno en instalaci\u00f3n del SLEP\u201d"},"content":{"rendered":"\n<figure class=\"wp-block-image\"><img loading=\"lazy\" decoding=\"async\" width=\"750\" height=\"400\" src=\"https:\/\/www.radioamigavallenar.cl\/wp-content\/uploads\/2019\/08\/dcicardini.jpg\" alt=\"\" class=\"wp-image-15722\" srcset=\"https:\/\/www.radioamigavallenar.cl\/wp-content\/uploads\/2019\/08\/dcicardini.jpg 750w, https:\/\/www.radioamigavallenar.cl\/wp-content\/uploads\/2019\/08\/dcicardini-300x160.jpg 300w\" sizes=\"auto, (max-width: 750px) 100vw, 750px\" \/><\/figure>\n\n\n\n<p><strong>Parlamentaria se\u00f1al\u00f3 que espera no se utilicen casos detectados por auditorias para \u201cdesprestigiar a toda la nueva institucionalidad p\u00fablica\u201d.<\/strong><\/p>\n\n\n\n<p>Como graves calific\u00f3 la diputada Daniella Cicardini los antecedentes dados a conocer por un medio nacional, en relaci\u00f3n a la existencia de irregularidades en traspasos de recursos en los Servicios Locales de Educaci\u00f3n, (SLEP), se\u00f1alando al servicio de Huasco como el que presenta las situaciones m\u00e1s cr\u00edticas.<\/p>\n\n\n\n<p>Los hallazgos surgen tras una solicitud de auditoria ordenada por el ministerio de Educaci\u00f3n a fines de 2018, y en el caso del Huasco incluyen dep\u00f3sitos en cheques por m\u00e1s de 400 millones en cuentas personales, diferencias en montos traspasados desde el Mineduc y lo registrado por el servicio, sobregiros y varias otras situaciones no aclaradas; antecedentes que fueron puestos a disposici\u00f3n del Ministerio P\u00fablico y el Consejo de Defensa del Estado.<\/p>\n\n\n\n<p>Tras conocer la informaci\u00f3n la diputada Cicardini, junto con calificar los hechos descritos como \u201cgraves\u201d e indicar que solicitar\u00e1 los antecedentes del caso, se\u00f1al\u00f3 que \u201c<strong>siempre estaremos por la transparencia y el buen uso de los recursos p\u00fablicos, por lo tanto lo que yo espero es que se aclaren los hechos y situaciones que se denuncian, y si hay efectivamente irregularidades, que se sancione a los responsables.; ya sea respecto a responsabilidades individuales, administrativas, o aquellas que eventualmente pudiese determinar la justicia<\/strong>\u201d.<\/p>\n\n\n\n<p>La legisladora indic\u00f3 adem\u00e1s que \u201c<strong>si bien me parece excelente que el ministerio cumpla con un deber m\u00ednimo que es investigar y denunciar si detectan alguna irregularidad, al mismo tiempo no puedo dejar de decir que espero el gobierno no pretenda justificar la inoperancia en la instalaci\u00f3n de los SLEP o utilizar pol\u00edticamente este tipo de situaciones para desprestigiar a toda la nueva institucionalidad de la Educaci\u00f3n P\u00fablica<\/strong>\u201d.<\/p>\n\n\n\n<p>\u201cLo digo con el precedente que ya vimos en el caso del Sistema de Admisi\u00f3n Escolar, en donde a prop\u00f3sito de casos lamentables y reales de algunas familias que no obtuvieron cupos en su preferencia, se intent\u00f3 no solo cuestionar todo el Sistema de Admisi\u00f3n, sino justificar el retroceso a la segregaci\u00f3n y selecci\u00f3n en todos los colegios como pretend\u00eda la ministra y el gobierno\u201d.<\/p>\n\n\n\n<p>\u201cDe hecho, en la misma provincia del Huasco me hubiese gustado que en paralelo y con la misma celeridad con que orden\u00f3 estas auditor\u00edas, que es lo esperable y lo correcto, que la ministra hubiese escuchado a estudiantes, a profesores y funcionarios y se hubiera preocupado de nombrar a un director del Servicio Local de Huasco, que pas\u00f3 casi 6 meses con un director subrogante\u201d.<\/p>\n\n\n\n<p>\u201cTodo eso en un contexto de paro y movilizaciones de los estudiantes precisamente por la falta de recursos en los establecimientos, plagas de ratones, y una serie de problemas que se dilataron por no contar con un director titular y en medio de un proceso sensible de instalaci\u00f3n de los Servicios Locales. Entonces una cosa son las irregularidades que pudiesen existir, pero otra distinta es la ineficacia de este gobierno en poner en marcha el nuevo sistema\u201d, subray\u00f3.<\/p>\n\n\n\n<p>\u201cYo me reun\u00ed hace meses con esas comunidades, con funcionarios, y le hicimos ver y pedimos respuesta al ministerio y a la ministra con motivo de los traspasos de recursos a trav\u00e9s de un oficio, que no fue respondido; y quisiera recordar que lo \u00fanico que vimos en la regi\u00f3n fue a una ministra m\u00e1s preocupada de su gira de verano para promover el mal llamado proyecto de \u201cadmisi\u00f3n justa\u201d, que tambi\u00e9n pas\u00f3 por la provincia del Huasco, pero no tanto en dar soluci\u00f3n a estas demandas de las comunidades escolares\u201d, concluy\u00f3.<\/p>\n","protected":false},"excerpt":{"rendered":"<p>Parlamentaria se\u00f1al\u00f3 que espera no se utilicen casos detectados por auditorias para \u201cdesprestigiar a toda la nueva institucionalidad p\u00fablica\u201d. Como graves calific\u00f3 la diputada Daniella&hellip; <\/p>\n","protected":false},"author":2,"featured_media":15722,"comment_status":"open","ping_status":"closed","sticky":false,"template":"","format":"standard","meta":{"footnotes":""},"categories":[7,1],"tags":[],"class_list":["post-15721","post","type-post","status-publish","format-standard","has-post-thumbnail","hentry","category-atacama","category-provincia-del-huasco-2"],"_links":{"self":[{"href":"https:\/\/www.radioamigavallenar.cl\/index.php?rest_route=\/wp\/v2\/posts\/15721","targetHints":{"allow":["GET"]}}],"collection":[{"href":"https:\/\/www.radioamigavallenar.cl\/index.php?rest_route=\/wp\/v2\/posts"}],"about":[{"href":"https:\/\/www.radioamigavallenar.cl\/index.php?rest_route=\/wp\/v2\/types\/post"}],"author":[{"embeddable":true,"href":"https:\/\/www.radioamigavallenar.cl\/index.php?rest_route=\/wp\/v2\/users\/2"}],"replies":[{"embeddable":true,"href":"https:\/\/www.radioamigavallenar.cl\/index.php?rest_route=%2Fwp%2Fv2%2Fcomments&post=15721"}],"version-history":[{"count":0,"href":"https:\/\/www.radioamigavallenar.cl\/index.php?rest_route=\/wp\/v2\/posts\/15721\/revisions"}],"wp:featuredmedia":[{"embeddable":true,"href":"https:\/\/www.radioamigavallenar.cl\/index.php?rest_route=\/wp\/v2\/media\/15722"}],"wp:attachment":[{"href":"https:\/\/www.radioamigavallenar.cl\/index.php?rest_route=%2Fwp%2Fv2%2Fmedia&parent=15721"}],"wp:term":[{"taxonomy":"category","embeddable":true,"href":"https:\/\/www.radioamigavallenar.cl\/index.php?rest_route=%2Fwp%2Fv2%2Fcategories&post=15721"},{"taxonomy":"post_tag","embeddable":true,"href":"https:\/\/www.radioamigavallenar.cl\/index.php?rest_route=%2Fwp%2Fv2%2Ftags&post=15721"}],"curies":[{"name":"wp","href":"https:\/\/api.w.org\/{rel}","templated":true}]}}