{"id":15577,"date":"2019-08-15T00:01:05","date_gmt":"2019-08-15T04:01:05","guid":{"rendered":"https:\/\/www.radioamigavallenar.cl\/?p=15577"},"modified":"2019-08-14T18:14:34","modified_gmt":"2019-08-14T22:14:34","slug":"senadora-yasna-provoste-exige-al-gobierno-declare-zona-de-catastrofe-agricola-a-la-region-de-atacama","status":"publish","type":"post","link":"https:\/\/www.radioamigavallenar.cl\/?p=15577","title":{"rendered":"Senadora Yasna Provoste exige al Gobierno declare zona de cat\u00e1strofe agr\u00edcola a la regi\u00f3n de Atacama"},"content":{"rendered":"\n<div class=\"wp-block-image\"><figure class=\"aligncenter is-resized\"><img loading=\"lazy\" decoding=\"async\" src=\"https:\/\/www.radioamigavallenar.cl\/wp-content\/uploads\/2019\/08\/sequia-1-600x400.jpg\" alt=\"\" class=\"wp-image-15578\" width=\"538\" height=\"358\" srcset=\"https:\/\/www.radioamigavallenar.cl\/wp-content\/uploads\/2019\/08\/sequia-1-600x400.jpg 600w, https:\/\/www.radioamigavallenar.cl\/wp-content\/uploads\/2019\/08\/sequia-1-600x400-300x200.jpg 300w\" sizes=\"auto, (max-width: 538px) 100vw, 538px\" \/><\/figure><\/div>\n\n\n\n<p>La parlamentaria ofici\u00f3 a los Ministerios del Interior, de Agricultura y Obras P\u00fablicas para declarar zona de Cat\u00e1strofe Agr\u00edcola a la regi\u00f3n de Atacama, con motivo de agilizar medidas de acci\u00f3n y prevenci\u00f3n contra efectos del cambio clim\u00e1tico en la zona.&nbsp;<\/p>\n\n\n\n<p>Por acuerdo un\u00e1nime de la Comisi\u00f3n de Recursos H\u00eddricos, se aprob\u00f3 la petici\u00f3n de la senadora Yasna Provoste, quien solicit\u00f3 se oficie a los Ministerios del Interior, Agricultura y Obras P\u00fablicas para que estudien la posibilidad de declarar a la regi\u00f3n de Atacama como zona de cat\u00e1strofe agr\u00edcola, y as\u00ed se puedan agilizar las medidas administrativas, como tambi\u00e9n medidas preventivas que permitan a los pa\u00edses anticiparse y establecer acciones concretas para disminuir los efectos del cambio clim\u00e1tico.<\/p>\n\n\n\n<p>\u201cA lo largo de estos a\u00f1os la regi\u00f3n de Atacama ha sufrido los impactos de la sequ\u00eda ambiental, por lo tanto, no hay ninguna raz\u00f3n, solo la discriminaci\u00f3n, para no declarar&nbsp; medidas adicionales para apoyar a nuestros peque\u00f1os agricultores; y as\u00ed colocar el foco para establecer medidas de acci\u00f3n y prevenci\u00f3n para estos temas tan importantes para nuestra regi\u00f3n\u201d, se\u00f1al\u00f3 la parlamentaria durante el desarrollo de la instancia legislativa.&nbsp;<\/p>\n","protected":false},"excerpt":{"rendered":"<p>La parlamentaria ofici\u00f3 a los Ministerios del Interior, de Agricultura y Obras P\u00fablicas para declarar zona de Cat\u00e1strofe Agr\u00edcola a la regi\u00f3n de Atacama, con&hellip; <\/p>\n","protected":false},"author":2,"featured_media":15578,"comment_status":"open","ping_status":"closed","sticky":false,"template":"","format":"standard","meta":{"footnotes":""},"categories":[7],"tags":[],"class_list":["post-15577","post","type-post","status-publish","format-standard","has-post-thumbnail","hentry","category-atacama"],"_links":{"self":[{"href":"https:\/\/www.radioamigavallenar.cl\/index.php?rest_route=\/wp\/v2\/posts\/15577","targetHints":{"allow":["GET"]}}],"collection":[{"href":"https:\/\/www.radioamigavallenar.cl\/index.php?rest_route=\/wp\/v2\/posts"}],"about":[{"href":"https:\/\/www.radioamigavallenar.cl\/index.php?rest_route=\/wp\/v2\/types\/post"}],"author":[{"embeddable":true,"href":"https:\/\/www.radioamigavallenar.cl\/index.php?rest_route=\/wp\/v2\/users\/2"}],"replies":[{"embeddable":true,"href":"https:\/\/www.radioamigavallenar.cl\/index.php?rest_route=%2Fwp%2Fv2%2Fcomments&post=15577"}],"version-history":[{"count":0,"href":"https:\/\/www.radioamigavallenar.cl\/index.php?rest_route=\/wp\/v2\/posts\/15577\/revisions"}],"wp:featuredmedia":[{"embeddable":true,"href":"https:\/\/www.radioamigavallenar.cl\/index.php?rest_route=\/wp\/v2\/media\/15578"}],"wp:attachment":[{"href":"https:\/\/www.radioamigavallenar.cl\/index.php?rest_route=%2Fwp%2Fv2%2Fmedia&parent=15577"}],"wp:term":[{"taxonomy":"category","embeddable":true,"href":"https:\/\/www.radioamigavallenar.cl\/index.php?rest_route=%2Fwp%2Fv2%2Fcategories&post=15577"},{"taxonomy":"post_tag","embeddable":true,"href":"https:\/\/www.radioamigavallenar.cl\/index.php?rest_route=%2Fwp%2Fv2%2Ftags&post=15577"}],"curies":[{"name":"wp","href":"https:\/\/api.w.org\/{rel}","templated":true}]}}