{"id":15484,"date":"2019-08-13T09:57:24","date_gmt":"2019-08-13T13:57:24","guid":{"rendered":"https:\/\/www.radioamigavallenar.cl\/?p=15484"},"modified":"2019-08-13T10:03:08","modified_gmt":"2019-08-13T14:03:08","slug":"diputado-noman-y-senador-prohens-se-reunen-con-ministro-de-oo-pp-y-le-solicitan-de-manera-urgente-proyectos-de-inversion-para-atacama","status":"publish","type":"post","link":"https:\/\/www.radioamigavallenar.cl\/?p=15484","title":{"rendered":"Diputado Noman y senador Prohens se re\u00fanen con Ministro de OO.PP y le solicitan de manera urgente proyectos de inversi\u00f3n para Atacama con el fin de paliar las altas cifras de cesant\u00eda local"},"content":{"rendered":"\n<figure class=\"wp-block-image\"><img loading=\"lazy\" decoding=\"async\" width=\"1024\" height=\"681\" src=\"https:\/\/www.radioamigavallenar.cl\/wp-content\/uploads\/2019\/08\/WhatsApp-Image-2019-08-13-at-08.24.07-1024x681.jpeg\" alt=\"\" class=\"wp-image-15485\" srcset=\"https:\/\/www.radioamigavallenar.cl\/wp-content\/uploads\/2019\/08\/WhatsApp-Image-2019-08-13-at-08.24.07-1024x681.jpeg 1024w, https:\/\/www.radioamigavallenar.cl\/wp-content\/uploads\/2019\/08\/WhatsApp-Image-2019-08-13-at-08.24.07-300x200.jpeg 300w, https:\/\/www.radioamigavallenar.cl\/wp-content\/uploads\/2019\/08\/WhatsApp-Image-2019-08-13-at-08.24.07-768x511.jpeg 768w, https:\/\/www.radioamigavallenar.cl\/wp-content\/uploads\/2019\/08\/WhatsApp-Image-2019-08-13-at-08.24.07.jpeg 1141w\" sizes=\"auto, (max-width: 1024px) 100vw, 1024px\" \/><\/figure>\n\n\n\n<p><em><strong>Adem\u00e1s, le pidieron al jefe de cartera, priorizar la contrataci\u00f3n de mano de obra local.<\/strong><\/em><\/p>\n\n\n\n<p>Hasta oficina del\nMinistro de Obras P\u00fablicas, Alfredo Moreno, lleg\u00f3 el diputado y senador por\nAtacama, Nicol\u00e1s Noman y Rafael Prohens, respectivamente, con el fin de\nsolicitarle incentivar la inversi\u00f3n de proyectos en la regi\u00f3n.<\/p>\n\n\n\n<p>Esto, explicaron los\nparlamentarios, en el marco de las altas cifras de cesant\u00eda, cercanas al 9,1%,\nque golpean a la regi\u00f3n de Atacama, dadas a conocer la semana pasada por el\nInstituto Nacional de Estad\u00edsticas.<\/p>\n\n\n\n<p>En esa l\u00ednea, Nicol\u00e1s Noman sostuvo que \u201c<strong>buscamos la generaci\u00f3n de proyecto en nuestra Regi\u00f3n, pero que ello vaya acompa\u00f1ado de contracci\u00f3n de mano de obra de\u00a0 parte de proveedores locales, con el fin de paliar la tasa de desempleo que hoy vivimos<\/strong>\u201d. <\/p>\n\n\n\n<p>Lo que en definitiva buscan ambos parlamentarios, explic\u00f3 Noman, radica en la necesidad de que \u201c<strong>el ministerio junto a la Serem\u00eda de Obras P\u00fablicas puedan crear un plan de trabajo para que las obras que se ejecuten en la regi\u00f3n se realizar a trav\u00e9s de proveedores locales. Es un cap\u00edtulo de lo que es la inversi\u00f3n p\u00fablica y de lo que es la inversi\u00f3n privada<\/strong>\u201d.<\/p>\n\n\n\n<figure class=\"wp-block-audio\"><audio controls src=\"https:\/\/www.radioamigavallenar.cl\/wp-content\/uploads\/2019\/08\/NICOLAS-NOMAN-1.mp3\"><\/audio><\/figure>\n\n\n\n<p>Bajo el mismo concepto,\nel senador Rafael Prohens agreg\u00f3 que \u201cnecesitamos generar empleo ahora en\nAtacama y es por lo mismo que visitamos el Ministerio de Obras P\u00fablicas a ra\u00edz\nde todos los proyectos de inversi\u00f3n que ha anunciado el ministro Moreno para la\nregi\u00f3n\u201d. Adem\u00e1s, agreg\u00f3 que \u201cqueremos que se priorice a las empresas locales\npara que de esa forma se proyecte un mejor futuro laboral para la regi\u00f3n y\ntambi\u00e9n para que se puedan ahorrar en otros \u00edtems como traslado de material\nentre otros\u201d. Finalmente se\u00f1al\u00f3 que \u201curge que nos hagamos cargo de un problema\ntan importante como el empleo de la regi\u00f3n\u201d. <\/p>\n\n\n\n<figure class=\"wp-block-audio\"><audio controls src=\"https:\/\/www.radioamigavallenar.cl\/wp-content\/uploads\/2019\/08\/SENADOR-PROHENS-1.mp3\"><\/audio><\/figure>\n\n\n\n<p>El ministro Moreno junto\nal subsecretario de Obras P\u00fablicas, Lucas Palacios, acus\u00f3 recibo de la\nsolicitud y se comprometi\u00f3 para que dentro de lo que ya est\u00e1 anunciado se\nmaterialice la ayuda. En la misma l\u00ednea el subsecretario de la cartera, se\u00f1al\u00f3\nque pronto se lanzar\u00e1 una plataforma de \u201cregistro de contratistas\u201d que\npermitir\u00e1 que las empresas regionales figuren en los proyectos de construcci\u00f3n\nde obras locales.<\/p>\n","protected":false},"excerpt":{"rendered":"<p>Adem\u00e1s, le pidieron al jefe de cartera, priorizar la contrataci\u00f3n de mano de obra local. Hasta oficina del Ministro de Obras P\u00fablicas, Alfredo Moreno, lleg\u00f3&hellip; <\/p>\n","protected":false},"author":2,"featured_media":15485,"comment_status":"open","ping_status":"closed","sticky":false,"template":"","format":"standard","meta":{"footnotes":""},"categories":[7],"tags":[],"class_list":["post-15484","post","type-post","status-publish","format-standard","has-post-thumbnail","hentry","category-atacama"],"_links":{"self":[{"href":"https:\/\/www.radioamigavallenar.cl\/index.php?rest_route=\/wp\/v2\/posts\/15484","targetHints":{"allow":["GET"]}}],"collection":[{"href":"https:\/\/www.radioamigavallenar.cl\/index.php?rest_route=\/wp\/v2\/posts"}],"about":[{"href":"https:\/\/www.radioamigavallenar.cl\/index.php?rest_route=\/wp\/v2\/types\/post"}],"author":[{"embeddable":true,"href":"https:\/\/www.radioamigavallenar.cl\/index.php?rest_route=\/wp\/v2\/users\/2"}],"replies":[{"embeddable":true,"href":"https:\/\/www.radioamigavallenar.cl\/index.php?rest_route=%2Fwp%2Fv2%2Fcomments&post=15484"}],"version-history":[{"count":0,"href":"https:\/\/www.radioamigavallenar.cl\/index.php?rest_route=\/wp\/v2\/posts\/15484\/revisions"}],"wp:featuredmedia":[{"embeddable":true,"href":"https:\/\/www.radioamigavallenar.cl\/index.php?rest_route=\/wp\/v2\/media\/15485"}],"wp:attachment":[{"href":"https:\/\/www.radioamigavallenar.cl\/index.php?rest_route=%2Fwp%2Fv2%2Fmedia&parent=15484"}],"wp:term":[{"taxonomy":"category","embeddable":true,"href":"https:\/\/www.radioamigavallenar.cl\/index.php?rest_route=%2Fwp%2Fv2%2Fcategories&post=15484"},{"taxonomy":"post_tag","embeddable":true,"href":"https:\/\/www.radioamigavallenar.cl\/index.php?rest_route=%2Fwp%2Fv2%2Ftags&post=15484"}],"curies":[{"name":"wp","href":"https:\/\/api.w.org\/{rel}","templated":true}]}}