{"id":15480,"date":"2019-08-13T01:59:54","date_gmt":"2019-08-13T05:59:54","guid":{"rendered":"https:\/\/www.radioamigavallenar.cl\/?p=15480"},"modified":"2019-08-13T01:59:55","modified_gmt":"2019-08-13T05:59:55","slug":"mas-de-cuatro-mil-personas-llegaron-a-disfrutar-del-dia-del-nino-en-vallenar","status":"publish","type":"post","link":"https:\/\/www.radioamigavallenar.cl\/?p=15480","title":{"rendered":"M\u00e1s de cuatro mil personas llegaron a disfrutar del d\u00eda del ni\u00f1o en Vallenar"},"content":{"rendered":"\n<figure class=\"wp-block-image\"><img loading=\"lazy\" decoding=\"async\" width=\"750\" height=\"400\" src=\"https:\/\/www.radioamigavallenar.cl\/wp-content\/uploads\/2019\/08\/dia-del-ni\u00f1o-vallenar.jpg\" alt=\"\" class=\"wp-image-15481\" srcset=\"https:\/\/www.radioamigavallenar.cl\/wp-content\/uploads\/2019\/08\/dia-del-ni\u00f1o-vallenar.jpg 750w, https:\/\/www.radioamigavallenar.cl\/wp-content\/uploads\/2019\/08\/dia-del-ni\u00f1o-vallenar-300x160.jpg 300w\" sizes=\"auto, (max-width: 750px) 100vw, 750px\" \/><\/figure>\n\n\n\n<p><strong><em>La plaza de Vallenar se transform\u00f3 en el epicentro de las celebraciones del d\u00eda del ni\u00f1o y la ni\u00f1a, actividad organizada por el municipio de Vallenar y que tuvo como show estelar la presentaci\u00f3n del conocido personaje del programa infantil cachureos, \u201cEl Gato Juanito\u201d.<\/em><\/strong><\/p>\n\n\n\n<p>Desde muy temprano comenzaron a llegar a la plaza Ambrosio O\u2019Higgins los ni\u00f1os junto a sus familias desde los diferentes sectores poblacionales, incluyendo los rurales, para participar de una entretenida jornada dedicada a los regalones de la casa.<\/p>\n\n\n\n<p>Juegos inflables, talleres de pintura, cine, actividades deportivas y recreativas, teatro, m\u00fasica, entrega de globos, palomitas, algodones, pelotas y juguetes, fueron parte de la oferta que el municipio encabezado por el alcalde Cristian Tapia Ramos, entreg\u00f3 de manera gratuita a todos los ni\u00f1os y ni\u00f1as asistentes a la plaza.<\/p>\n\n\n\n<p>La alegr\u00eda en los rostros de los peque\u00f1os era indescriptible y sus papitos manifestaban su alegr\u00eda y reconocimiento hacia el equipo municipal por la calidad de la organizaci\u00f3n y puesta en escena, que incluy\u00f3 la ornamentaci\u00f3n de la totalidad de la plaza Ambrosio O\u2019Higgins, la que estaba llena de banderines multicolores para recibir a los ni\u00f1os.<\/p>\n\n\n\n<p>Alrededor del mediod\u00eda en el escenario central el alcalde de la comuna, Cristian Tapia junto a los concejales, Luis Valderrama Maltes, V\u00edctor Isla Lutz, Robinson Morales, junto con entregar el saludo y mensaje a los ni\u00f1os en su d\u00eda, participaron junto al \u201cGato Juanito\u201d de una entretenido show que incluy\u00f3 canciones, bailes y concursos.<\/p>\n\n\n\n<p>Al t\u00e9rmino de la jornada el alcalde hizo un balance de la actividad, destacando la gran convocatoria de p\u00fablico, la alegr\u00eda y participaci\u00f3n de los ni\u00f1os y finaliz\u00f3 haciendo un llamado al cuidado de nuestros ni\u00f1os y ni\u00f1as, a preocuparnos m\u00e1s por ellos.<\/p>\n\n\n\n<p>\u201c<strong>En este d\u00eda en que se conmemoran los 30 a\u00f1os de la convenci\u00f3n de los derechos de los ni\u00f1os, hago un llamado, para que no tengamos ni\u00f1os abandonados, no pueden haber ni\u00f1os en las calles, no podemos mandar a los ni\u00f1os al Sename, tenemos que hacernos responsables en el cuidado y el cari\u00f1o, a lo mejor no le podemos dar todo en lo econ\u00f3mico, pero d\u00e1ndole cari\u00f1o, afecto y que cada uno nos sacrifiquemos por tenerles un mejor bienestar y felicidad para ello, yo creo que vamos a estar cumpliendo con su rol de padre\u00a0 y de adultos<\/strong>\u201d.<\/p>\n\n\n\n<p>Cabe destacar que en la actividad tambi\u00e9n participaron: carabineros, bomberos, el Senda Previene, la OPD, el Registro Civil,&nbsp; y otros organismos p\u00fablicos, entregando informaci\u00f3n referente a los derechos ni\u00f1os y mostrando informaci\u00f3n sobre sus respectivas instituciones<\/p>\n","protected":false},"excerpt":{"rendered":"<p>La plaza de Vallenar se transform\u00f3 en el epicentro de las celebraciones del d\u00eda del ni\u00f1o y la ni\u00f1a, actividad organizada por el municipio de&hellip; <\/p>\n","protected":false},"author":2,"featured_media":15481,"comment_status":"open","ping_status":"closed","sticky":false,"template":"","format":"standard","meta":{"footnotes":""},"categories":[2],"tags":[],"class_list":["post-15480","post","type-post","status-publish","format-standard","has-post-thumbnail","hentry","category-vallenar"],"_links":{"self":[{"href":"https:\/\/www.radioamigavallenar.cl\/index.php?rest_route=\/wp\/v2\/posts\/15480","targetHints":{"allow":["GET"]}}],"collection":[{"href":"https:\/\/www.radioamigavallenar.cl\/index.php?rest_route=\/wp\/v2\/posts"}],"about":[{"href":"https:\/\/www.radioamigavallenar.cl\/index.php?rest_route=\/wp\/v2\/types\/post"}],"author":[{"embeddable":true,"href":"https:\/\/www.radioamigavallenar.cl\/index.php?rest_route=\/wp\/v2\/users\/2"}],"replies":[{"embeddable":true,"href":"https:\/\/www.radioamigavallenar.cl\/index.php?rest_route=%2Fwp%2Fv2%2Fcomments&post=15480"}],"version-history":[{"count":0,"href":"https:\/\/www.radioamigavallenar.cl\/index.php?rest_route=\/wp\/v2\/posts\/15480\/revisions"}],"wp:featuredmedia":[{"embeddable":true,"href":"https:\/\/www.radioamigavallenar.cl\/index.php?rest_route=\/wp\/v2\/media\/15481"}],"wp:attachment":[{"href":"https:\/\/www.radioamigavallenar.cl\/index.php?rest_route=%2Fwp%2Fv2%2Fmedia&parent=15480"}],"wp:term":[{"taxonomy":"category","embeddable":true,"href":"https:\/\/www.radioamigavallenar.cl\/index.php?rest_route=%2Fwp%2Fv2%2Fcategories&post=15480"},{"taxonomy":"post_tag","embeddable":true,"href":"https:\/\/www.radioamigavallenar.cl\/index.php?rest_route=%2Fwp%2Fv2%2Ftags&post=15480"}],"curies":[{"name":"wp","href":"https:\/\/api.w.org\/{rel}","templated":true}]}}