{"id":15477,"date":"2019-08-13T01:54:01","date_gmt":"2019-08-13T05:54:01","guid":{"rendered":"https:\/\/www.radioamigavallenar.cl\/?p=15477"},"modified":"2019-08-13T01:54:02","modified_gmt":"2019-08-13T05:54:02","slug":"municipio-de-vallenar-conmemoro-a-los-mineros-en-su-dia","status":"publish","type":"post","link":"https:\/\/www.radioamigavallenar.cl\/?p=15477","title":{"rendered":"Municipio de Vallenar conmemor\u00f3 a los mineros en su d\u00eda"},"content":{"rendered":"\n<figure class=\"wp-block-image\"><img loading=\"lazy\" decoding=\"async\" width=\"800\" height=\"533\" src=\"https:\/\/www.radioamigavallenar.cl\/wp-content\/uploads\/2019\/08\/foto-ceremonia-dia-del-mineros-dos-800x533.jpg\" alt=\"\" class=\"wp-image-15478\" srcset=\"https:\/\/www.radioamigavallenar.cl\/wp-content\/uploads\/2019\/08\/foto-ceremonia-dia-del-mineros-dos-800x533.jpg 800w, https:\/\/www.radioamigavallenar.cl\/wp-content\/uploads\/2019\/08\/foto-ceremonia-dia-del-mineros-dos-800x533-300x200.jpg 300w, https:\/\/www.radioamigavallenar.cl\/wp-content\/uploads\/2019\/08\/foto-ceremonia-dia-del-mineros-dos-800x533-768x512.jpg 768w\" sizes=\"auto, (max-width: 800px) 100vw, 800px\" \/><\/figure>\n\n\n\n<p>En una sencilla pero significativa ceremonia realizada en el Centro Cultural V\u00edctor Acosta Aguilera de Vallenar, el municipio de Vallenar conmemor\u00f3 y reconoci\u00f3 la labor del minero, al conmemorarse el d\u00eda de San Lorenzo, con la exhibici\u00f3n de la pel\u00edcula \u201cLos 33\u201d.<\/p>\n\n\n\n<p>La actividad estuvo encabezada por el Alcalde Cristian Tapia Ramos, acompa\u00f1ados por la senadora de la rep\u00fablica, Yasna Provoste Campillay, la Diputada Daniela Cicardini Milla y los concejales Robinson Morales y V\u00edctor Isla, el presidente de la confederaci\u00f3n minera de Chile, Hugo P\u00e1ez Su\u00e1rez.<\/p>\n\n\n\n<p>A la ceremonia tambi\u00e9n asistieron de manera especial Jos\u00e9 Ojeda Vidal y Luis Urz\u00faa Iribarren, mineros de la mina San Jos\u00e9, quienes permanecieron atrapados en la Mina San Jos\u00e9 en agosto del a\u00f1o 2010.<\/p>\n\n\n\n<p>En la ocasi\u00f3n el alcalde de la comuna junto a los concejales entregaron un reconocimiento a la Confederaci\u00f3n Minera de Chile, al Sindicato N\u00b01 de Minas Los Colorados y al compa\u00f1ero Jorge Zepeda por su lucha en la defensa de los Mineros Pirquineros de la comuna.<\/p>\n\n\n\n<p>Misma distinci\u00f3n recibieron los mineros Jos\u00e9 Ojeda autor del mensaje \u201cEstamos bien en el refugio los 33\u201d y a Luis Urz\u00faa el jefe de turno de la mina San Jos\u00e9, por su sacrificio y lucha en el derrumbe de la mina, que tuvo el final feliz, tras haberlos encontrado y rescatados con vida.<\/p>\n\n\n\n<p>La autoridad comunal al dirigirse a los asistentes, hizo un llamado a las autoridades de gobierno y parlamentarios, para que se cumpla con las medidas de seguridad en las distintas faenas y pirquenes para evitar que sigamos teniendo accidentes mineros con muerte de personas.<\/p>\n\n\n\n<p>Al mismo tiempo manifest\u00f3 su preocupaci\u00f3n por lo que se vienen en materia de la automatizaci\u00f3n en la miner\u00eda. \u201cLa estad\u00edstica internacional nos indica que en el futuro pr\u00f3ximo vamos a perder entre 30% y 40% del empleo por la automatizaci\u00f3n y el sector minero a trav\u00e9s de los operadores vamos a perder un 70%, yo creo que Chile todav\u00eda no est\u00e1 preparado para la automatizaci\u00f3n, trabajemos hacia el futuro 20, 30 m\u00e1s, desde los ni\u00f1os chicos, pero el d\u00eda de hoy no podemos perder a nuestros trabajadores, finalmente quiero manifestar que desde el municipio con el concejo y los funcionarios, vamos a estar presentes con los mineros.<\/p>\n\n\n\n<p>Nos toc\u00f3 una experiencia muy linda en el verano, cuando el sindicato de colorados, hist\u00f3ricamente, un sindicato de la CAP negocia en una negociaci\u00f3n arreglada y no se deja atemorizar por una negociaci\u00f3n anticipada, la demostraci\u00f3n de \u00e9ste sindicato demuestra que si los trabajadores pueden y si las autoridades podemos estar tambi\u00e9n cerca de ellos.\u201d<\/p>\n\n\n\n<p>El jefe de turno de la mina San Jos\u00e9, Luis Urz\u00faa agradeci\u00f3 al alcalde Tapia por la invitaci\u00f3n y tuvo palabras de reconocimiento para los y las mineras de Vallenar, porque Vallenar tambi\u00e9n es zona de mineros y espera compa\u00f1arlos en cualquier otro momento, tambi\u00e9n destac\u00f3 que al celebrar el d\u00eda del minero hay que destacar que ahora tambi\u00e9n hay mujeres en la miner\u00eda y como vallenarino les envi\u00f3 un saludo a todos los trabajadores que est\u00e1n en su d\u00eda.<\/p>\n\n\n\n<p>Por su parte la senadora Yasna Provoste Campillay, junto con agradecer al alcalde por la invitaci\u00f3n para testimoniar y reconocer a trabajadores de la miner\u00eda de la comuna, destac\u00f3 el reconocimiento hacia quienes fueron protagonistas de una historia maravillosa de un milagro de los 33, tal vez para nosotros constituye un hecho in\u00e9dito el estar ac\u00e1 compartiendo la exhibici\u00f3n de la pel\u00edcula \u201cLos 33\u201d con dos de sus protagonistas, como Luis Urz\u00faa el jefe de turno y el se\u00f1or Ojeda que fue el autor de esta frase que dio la vuelta al mundo, que nos llen\u00f3 de esperanza, como la miner\u00eda llena de esperanzas a nuestra regi\u00f3n, \u201cEstamos bien el refugio Los 33\u201d.<\/p>\n\n\n\n<p>Daniela Cicardini Milla, tambi\u00e9n tuvo palabras de reconocimientos para quienes han trabajado en la miner\u00eda, un 10 de agosto d\u00eda del minero. \u201cCon mucha fuerza en su minuto impulsamos lo que era un feriado regional, porque el entend\u00edamos que el rol noble del minero, del pirquinero, de una actividad ancestral, de toda una actividad productiva tan importante para la regi\u00f3n deb\u00eda tener un reconocimiento como \u00e9ste, en ese contexto creo que todas las autoridades hacen los esfuerzos y en esta caso particular en Vallenar, queda demostrado en una linda actividad, que de verdad me llama profundamente la atenci\u00f3n, a modo personal nunca pens\u00e9 estar viendo la pel\u00edcula \u201cLos 33\u201d con dos de sus protagonistas, nos insta a tener una preocupaci\u00f3n constante que debemos tener nosotros con respecto a la miner\u00eda y me refiero a la seguridad minera\u201d.<\/p>\n","protected":false},"excerpt":{"rendered":"<p>En una sencilla pero significativa ceremonia realizada en el Centro Cultural V\u00edctor Acosta Aguilera de Vallenar, el municipio de Vallenar conmemor\u00f3 y reconoci\u00f3 la labor&hellip; <\/p>\n","protected":false},"author":2,"featured_media":15478,"comment_status":"open","ping_status":"closed","sticky":false,"template":"","format":"standard","meta":{"footnotes":""},"categories":[1,2],"tags":[],"class_list":["post-15477","post","type-post","status-publish","format-standard","has-post-thumbnail","hentry","category-provincia-del-huasco-2","category-vallenar"],"_links":{"self":[{"href":"https:\/\/www.radioamigavallenar.cl\/index.php?rest_route=\/wp\/v2\/posts\/15477","targetHints":{"allow":["GET"]}}],"collection":[{"href":"https:\/\/www.radioamigavallenar.cl\/index.php?rest_route=\/wp\/v2\/posts"}],"about":[{"href":"https:\/\/www.radioamigavallenar.cl\/index.php?rest_route=\/wp\/v2\/types\/post"}],"author":[{"embeddable":true,"href":"https:\/\/www.radioamigavallenar.cl\/index.php?rest_route=\/wp\/v2\/users\/2"}],"replies":[{"embeddable":true,"href":"https:\/\/www.radioamigavallenar.cl\/index.php?rest_route=%2Fwp%2Fv2%2Fcomments&post=15477"}],"version-history":[{"count":0,"href":"https:\/\/www.radioamigavallenar.cl\/index.php?rest_route=\/wp\/v2\/posts\/15477\/revisions"}],"wp:featuredmedia":[{"embeddable":true,"href":"https:\/\/www.radioamigavallenar.cl\/index.php?rest_route=\/wp\/v2\/media\/15478"}],"wp:attachment":[{"href":"https:\/\/www.radioamigavallenar.cl\/index.php?rest_route=%2Fwp%2Fv2%2Fmedia&parent=15477"}],"wp:term":[{"taxonomy":"category","embeddable":true,"href":"https:\/\/www.radioamigavallenar.cl\/index.php?rest_route=%2Fwp%2Fv2%2Fcategories&post=15477"},{"taxonomy":"post_tag","embeddable":true,"href":"https:\/\/www.radioamigavallenar.cl\/index.php?rest_route=%2Fwp%2Fv2%2Ftags&post=15477"}],"curies":[{"name":"wp","href":"https:\/\/api.w.org\/{rel}","templated":true}]}}