{"id":15474,"date":"2019-08-13T01:51:01","date_gmt":"2019-08-13T05:51:01","guid":{"rendered":"https:\/\/www.radioamigavallenar.cl\/?p=15474"},"modified":"2019-08-13T01:51:02","modified_gmt":"2019-08-13T05:51:02","slug":"enami-presenta-resultados-de-medidas-de-reactivacion-de-la-pequena-mineria","status":"publish","type":"post","link":"https:\/\/www.radioamigavallenar.cl\/?p=15474","title":{"rendered":"Enami presenta resultados de medidas de reactivaci\u00f3n de la peque\u00f1a miner\u00eda."},"content":{"rendered":"\n<figure class=\"wp-block-image\"><img loading=\"lazy\" decoding=\"async\" width=\"800\" height=\"600\" src=\"https:\/\/www.radioamigavallenar.cl\/wp-content\/uploads\/2019\/08\/enami-2-800x600.jpg\" alt=\"\" class=\"wp-image-15475\" srcset=\"https:\/\/www.radioamigavallenar.cl\/wp-content\/uploads\/2019\/08\/enami-2-800x600.jpg 800w, https:\/\/www.radioamigavallenar.cl\/wp-content\/uploads\/2019\/08\/enami-2-800x600-300x225.jpg 300w, https:\/\/www.radioamigavallenar.cl\/wp-content\/uploads\/2019\/08\/enami-2-800x600-768x576.jpg 768w\" sizes=\"auto, (max-width: 800px) 100vw, 800px\" \/><\/figure>\n\n\n\n<p>En el marco de la sesi\u00f3n de la Comisi\u00f3n de Miner\u00eda de la C\u00e1mara de Diputados, el vicepresidente ejecutivo de la Empresa Nacional de Miner\u00eda, Robert Mayne-Nicholls, acompa\u00f1ado del ministro del ramo, Baldo Prokurica, present\u00f3 esta ma\u00f1ana los resultados de las medidas de reactivaci\u00f3n impulsadas a contar de julio de 2018, con el prop\u00f3sito de alivianar la carga financiera de los productores mineros de menor escala y propiciar mejores condiciones para revitalizar su actividad en el corto y mediano plazo.<\/p>\n\n\n\n<p>Una de las principales medidas desarrolladas abord\u00f3 la revisi\u00f3n y la agilizaci\u00f3n de los procesos de compra. En este contexto, ENAMI realiz\u00f3 una modificaci\u00f3n a su Reglamento de Compras, principalmente en lo referente al remuestreo, siendo \u00e9sta una de las principales demandas del sector. En concreto, con esta reforma los mineros hoy pueden conocer las leyes de su muestradeterminadas por ENAMI- antes de solicitar el remuestreo, junto con recibir un anticipo adicional de un 90% del precio de sus productos dentro de los primeros ocho d\u00edas h\u00e1biles tras la entrega del mineral.<\/p>\n\n\n\n<p><strong>\u201cLos cambios a este procedimiento dan soluci\u00f3n a las inquietudes planteadas por los propios mineros, y que tras un trabajo en conjunto entre la Sociedad Nacional de Miner\u00eda y ENAMI hoy modifican luego de 20 a\u00f1os- la forma de canje de leyes y anticipos. Con esta medida estamos favoreciendo a 568 productores, que representan a un 83% del total\u201d<\/strong>, explic\u00f3 Mayne-Nicholls.<\/p>\n\n\n\n<p>Asimismo, para dar mayor transparencia al sector, el ejecutivo de la estatal explic\u00f3 que se ha dispuesto instalar en todos los poderes de compra, circuitos cerrados con la instalaci\u00f3n de c\u00e1maras de vigilancia para que los productores o sus representantes observen desde monitores todo el proceso de compra de sus lotes. Actualmente se realizan pruebas para implementar la revisi\u00f3n del proceso mediante celulares. Esta medida permite tambi\u00e9n acelerar el proceso y evitar riesgos de accidentes a los presenciadores. Planta Matta ya cuenta con este sistema como parte del plan piloto de la empresa que permitir\u00e1 monitorear en l\u00ednea todo el circuito desde dispositivos m\u00f3viles.<\/p>\n\n\n\n<p>Otra de las medidas implementadas fue la rebaja del precio de \u00e1cido sulf\u00farico en US$ 20 por tonelada, que se aplic\u00f3 entre octubre y enero 2019 en todos los poderes de compra. Al respecto, fueron 577 productores beneficiados, quedando expl\u00edcito en la tarifa la rebaja de precio del \u00e1cido de 66 a 46 US$\/ton.<\/p>\n\n\n\n<p>Asimismo, se traspas\u00f3 como cr\u00e9dito a los mineros que abastecen las plantas de Taltal, El Salado, Matta, Vallenar y Delta, el ahorro de energ\u00eda que se produce por el nuevo contrato que tiene ENAMI con ACCIONA. Esta medida permiti\u00f3 mejorar la tarifa en 1,13 US$\/tms para minerales de lixiviaci\u00f3n y 0,37 US$\/tms para minerales de flotaci\u00f3n.<\/p>\n\n\n\n<p>Otra de las medidas destacadas fue la suspensi\u00f3n por seis meses en los descuentos en programas t\u00e9cnicos \u201cReconocimiento de Reservas\u201d y \u201cApoyo a la Producci\u00f3n Segura\u201d, ampliando en seis meses el periodo de pago. Con esta iniciativa, la carga financiera para el sector se rebaj\u00f3 en US$ 534.949 durante el per\u00edodo de aplicaci\u00f3n (octubre 2018 \u2013 marzo 2019). Fueron favorecidos con esta medida un total de 114 productores.<\/p>\n\n\n\n<p>En otro \u00e1mbito de acci\u00f3n, 325 peque\u00f1os mineros fueron capacitados desde la regi\u00f3n de Antofagasta hasta el Bio-Bio, en operaci\u00f3n y gesti\u00f3n del negocio minero. Mientras que la gesti\u00f3n de empadronamiento minero alcanz\u00f3 a diciembre, 972 padrones, un 10% m\u00e1s que el a\u00f1o 2017.<\/p>\n\n\n\n<h3 class=\"wp-block-heading\">PAMMA 2019<\/h3>\n\n\n\n<p>En cuanto al Programa de Capacitaci\u00f3n y Transferencia Tecnol\u00f3gica para la Peque\u00f1a Miner\u00eda Artesanal (PAMMA) impulsado por el Ministerio de Miner\u00eda, el presupuesto anual para dicha iniciativa este a\u00f1o asciende a $ 2.127.250.000, es decir un 32% m\u00e1s que 2017.<\/p>\n\n\n\n<p>La etapa de inscripci\u00f3n del programa se encuentra cerrada, con un total de 600 inscritos con un monto solicitado de $ 6.540.001.677. Actualmente, ENAMI junto al Ministerio de Miner\u00eda se encuentran en la etapa de selecci\u00f3n de proyectos a trav\u00e9s de la adjudicaci\u00f3n de \u00e9stos en los respectivos comit\u00e9s regionales.<\/p>\n","protected":false},"excerpt":{"rendered":"<p>En el marco de la sesi\u00f3n de la Comisi\u00f3n de Miner\u00eda de la C\u00e1mara de Diputados, el vicepresidente ejecutivo de la Empresa Nacional de Miner\u00eda,&hellip; <\/p>\n","protected":false},"author":2,"featured_media":15475,"comment_status":"open","ping_status":"closed","sticky":false,"template":"","format":"standard","meta":{"footnotes":""},"categories":[7,34],"tags":[],"class_list":["post-15474","post","type-post","status-publish","format-standard","has-post-thumbnail","hentry","category-atacama","category-mineria"],"_links":{"self":[{"href":"https:\/\/www.radioamigavallenar.cl\/index.php?rest_route=\/wp\/v2\/posts\/15474","targetHints":{"allow":["GET"]}}],"collection":[{"href":"https:\/\/www.radioamigavallenar.cl\/index.php?rest_route=\/wp\/v2\/posts"}],"about":[{"href":"https:\/\/www.radioamigavallenar.cl\/index.php?rest_route=\/wp\/v2\/types\/post"}],"author":[{"embeddable":true,"href":"https:\/\/www.radioamigavallenar.cl\/index.php?rest_route=\/wp\/v2\/users\/2"}],"replies":[{"embeddable":true,"href":"https:\/\/www.radioamigavallenar.cl\/index.php?rest_route=%2Fwp%2Fv2%2Fcomments&post=15474"}],"version-history":[{"count":0,"href":"https:\/\/www.radioamigavallenar.cl\/index.php?rest_route=\/wp\/v2\/posts\/15474\/revisions"}],"wp:featuredmedia":[{"embeddable":true,"href":"https:\/\/www.radioamigavallenar.cl\/index.php?rest_route=\/wp\/v2\/media\/15475"}],"wp:attachment":[{"href":"https:\/\/www.radioamigavallenar.cl\/index.php?rest_route=%2Fwp%2Fv2%2Fmedia&parent=15474"}],"wp:term":[{"taxonomy":"category","embeddable":true,"href":"https:\/\/www.radioamigavallenar.cl\/index.php?rest_route=%2Fwp%2Fv2%2Fcategories&post=15474"},{"taxonomy":"post_tag","embeddable":true,"href":"https:\/\/www.radioamigavallenar.cl\/index.php?rest_route=%2Fwp%2Fv2%2Ftags&post=15474"}],"curies":[{"name":"wp","href":"https:\/\/api.w.org\/{rel}","templated":true}]}}