{"id":15469,"date":"2019-08-13T01:35:37","date_gmt":"2019-08-13T05:35:37","guid":{"rendered":"https:\/\/www.radioamigavallenar.cl\/?p=15469"},"modified":"2019-08-13T01:35:39","modified_gmt":"2019-08-13T05:35:39","slug":"gobierno-apoya-a-crianceros-afectados-por-sequia","status":"publish","type":"post","link":"https:\/\/www.radioamigavallenar.cl\/?p=15469","title":{"rendered":"Gobierno apoya a crianceros afectados por sequ\u00eda."},"content":{"rendered":"\n<div class=\"wp-block-image\"><figure class=\"aligncenter is-resized\"><img loading=\"lazy\" decoding=\"async\" src=\"https:\/\/www.radioamigavallenar.cl\/wp-content\/uploads\/2019\/08\/Gobierno-apoya-a-crianceros-afectados-por-sequ\u00eda-1024x576.jpg\" alt=\"\" class=\"wp-image-15470\" width=\"578\" height=\"325\" srcset=\"https:\/\/www.radioamigavallenar.cl\/wp-content\/uploads\/2019\/08\/Gobierno-apoya-a-crianceros-afectados-por-sequ\u00eda-1024x576.jpg 1024w, https:\/\/www.radioamigavallenar.cl\/wp-content\/uploads\/2019\/08\/Gobierno-apoya-a-crianceros-afectados-por-sequ\u00eda-300x169.jpg 300w, https:\/\/www.radioamigavallenar.cl\/wp-content\/uploads\/2019\/08\/Gobierno-apoya-a-crianceros-afectados-por-sequ\u00eda-768x432.jpg 768w, https:\/\/www.radioamigavallenar.cl\/wp-content\/uploads\/2019\/08\/Gobierno-apoya-a-crianceros-afectados-por-sequ\u00eda.jpg 1920w\" sizes=\"auto, (max-width: 578px) 100vw, 578px\" \/><\/figure><\/div>\n\n\n\n<p><em>Ministerio de Agricultura,\nmediante el Indap, entregar\u00e1 apoyo para 310 familias de la provincia de Huasco.\nLa noticia la dio a conocer el Intendente de Atacama, Patricio Urquieta, junto\na la Seremi de Agricultura (S) Mei Maggi y a la Directora Regional de INDAP,\nMariela Herrera.<\/em><\/p>\n\n\n\n<p>M\u00e1s\nde 70 millones de pesos destinar\u00e1 el Gobierno mediante el Ministerio de\nAgricultura y, a su vez, del Instituto de Desarrollo Agropecuario, INDAP, para\napoyar a 310 familias de crianceros afectadas por la falta de forraje,\noriginada por el d\u00e9ficit de precipitaciones en la regi\u00f3n durante este a\u00f1o.<\/p>\n\n\n\n<p>El anuncio lo realiz\u00f3 el Intendente, Patricio Urquieta quien se\u00f1al\u00f3 que \u201c<strong>hoy queremos dar una buena noticia a los crianceros de la Regi\u00f3n de Atacama, a quienes la ausencia de precipitaciones les ha provocado inconvenientes debido a que no existe la flora suficiente que permita alimentar sus ganados. Es por esta raz\u00f3n que el Ministerio de Agricultura ha dispuesto m\u00e1s de 70 millones de pesos que permitir\u00e1n comprar forraje y beneficiar a 310 familias de crianceros en Atacama<\/strong>\u201d.<\/p>\n\n\n\n<figure class=\"wp-block-audio\"><audio controls src=\"https:\/\/www.radioamigavallenar.cl\/wp-content\/uploads\/2019\/08\/Intendente-Urquieta.mp3\"><\/audio><\/figure>\n\n\n\n<p>Por su parte al Directora Regional de INDAP, Mariela Herrera, mencion\u00f3 que \u201c<strong>esto permitir\u00e1 entregar recursos a cada familia, de alrededor de 240 mil pesos en\u00a0 fardos de alfalfa y en concentrado para la alimentaci\u00f3n caprina<\/strong>\u201d.<\/p>\n\n\n\n<figure class=\"wp-block-audio\"><audio controls src=\"https:\/\/www.radioamigavallenar.cl\/wp-content\/uploads\/2019\/08\/Directora-INDAP.mp3\"><\/audio><\/figure>\n\n\n\n<p>Destacar\nque este es el segundo apoyo que esta cartera ha realizado a los crianceros, la\nprimera se materializ\u00f3 en enero de este a\u00f1o en que se entregaron 440 fardos a\ncrianceros de Agua Amarga, en Vallenar.<\/p>\n\n\n\n<p><strong>Acerca de la posibilidad de\ndecretar zona de emergencia h\u00eddrica<\/strong><\/p>\n\n\n\n<p>Consultado\nel Intendente Regional respecto de la posibilidad de decretar zona de escasez\nh\u00eddrica a Atacama se\u00f1al\u00f3 que \u201cpara que esto ocurra se requiere reunir ciertos\nrequisitos que actualmente, de acuerdo a los informes que manejamos de parte\ndel INIA (Instituto Nacional de Investigaci\u00f3n Agropecuaria) no est\u00e1n presentes.\nSin embargo, variando dichos requisitos pudiera cambiar la situaci\u00f3n\u201d.<\/p>\n\n\n\n<p>Agregando\nque \u201cest\u00e1 garantizada tanto el agua para consumo humano como para abastecer las\nactividades productivas de la agricultura.&nbsp;\nQuienes est\u00e1n con inconvenientes ahora son los crianceros, a partir de\nla falta de precipitaciones, lo que nos invita a colaborar activamente con el\nsubsidio de alimentaci\u00f3n para sus ganados y, naturalmente que, como gobierno\ndel Presidente Pi\u00f1era, estamos interesados en apoyarlos con recurso, para que\nsu actividad no se vea afectada por las condiciones clim\u00e1ticas que afectan a\nAtacama\u201d.<\/p>\n","protected":false},"excerpt":{"rendered":"<p>Ministerio de Agricultura, mediante el Indap, entregar\u00e1 apoyo para 310 familias de la provincia de Huasco. La noticia la dio a conocer el Intendente de&hellip; <\/p>\n","protected":false},"author":2,"featured_media":15470,"comment_status":"open","ping_status":"closed","sticky":false,"template":"","format":"standard","meta":{"footnotes":""},"categories":[7,1],"tags":[],"class_list":["post-15469","post","type-post","status-publish","format-standard","has-post-thumbnail","hentry","category-atacama","category-provincia-del-huasco-2"],"_links":{"self":[{"href":"https:\/\/www.radioamigavallenar.cl\/index.php?rest_route=\/wp\/v2\/posts\/15469","targetHints":{"allow":["GET"]}}],"collection":[{"href":"https:\/\/www.radioamigavallenar.cl\/index.php?rest_route=\/wp\/v2\/posts"}],"about":[{"href":"https:\/\/www.radioamigavallenar.cl\/index.php?rest_route=\/wp\/v2\/types\/post"}],"author":[{"embeddable":true,"href":"https:\/\/www.radioamigavallenar.cl\/index.php?rest_route=\/wp\/v2\/users\/2"}],"replies":[{"embeddable":true,"href":"https:\/\/www.radioamigavallenar.cl\/index.php?rest_route=%2Fwp%2Fv2%2Fcomments&post=15469"}],"version-history":[{"count":0,"href":"https:\/\/www.radioamigavallenar.cl\/index.php?rest_route=\/wp\/v2\/posts\/15469\/revisions"}],"wp:featuredmedia":[{"embeddable":true,"href":"https:\/\/www.radioamigavallenar.cl\/index.php?rest_route=\/wp\/v2\/media\/15470"}],"wp:attachment":[{"href":"https:\/\/www.radioamigavallenar.cl\/index.php?rest_route=%2Fwp%2Fv2%2Fmedia&parent=15469"}],"wp:term":[{"taxonomy":"category","embeddable":true,"href":"https:\/\/www.radioamigavallenar.cl\/index.php?rest_route=%2Fwp%2Fv2%2Fcategories&post=15469"},{"taxonomy":"post_tag","embeddable":true,"href":"https:\/\/www.radioamigavallenar.cl\/index.php?rest_route=%2Fwp%2Fv2%2Ftags&post=15469"}],"curies":[{"name":"wp","href":"https:\/\/api.w.org\/{rel}","templated":true}]}}