{"id":15461,"date":"2019-08-13T01:23:50","date_gmt":"2019-08-13T05:23:50","guid":{"rendered":"https:\/\/www.radioamigavallenar.cl\/?p=15461"},"modified":"2019-08-13T01:26:00","modified_gmt":"2019-08-13T05:26:00","slug":"con-gran-entusiasmo-se-desarrolla-2da-jornada-de-centros-de-padres-madres-y-apoderados-del-territorio-huasco","status":"publish","type":"post","link":"https:\/\/www.radioamigavallenar.cl\/?p=15461","title":{"rendered":"Con gran entusiasmo se desarrolla 2da Jornada de Centros de Padres, Madres y Apoderados del territorio Huasco."},"content":{"rendered":"\n<div class=\"wp-block-image\"><figure class=\"aligncenter is-resized\"><img loading=\"lazy\" decoding=\"async\" src=\"https:\/\/www.radioamigavallenar.cl\/wp-content\/uploads\/2019\/08\/2da-Jornada-de-CENTROS-DE-PADRES-MADRES-Y-APODERADOS-7-1024x683.jpg\" alt=\"\" class=\"wp-image-15463\" width=\"571\" height=\"380\" srcset=\"https:\/\/www.radioamigavallenar.cl\/wp-content\/uploads\/2019\/08\/2da-Jornada-de-CENTROS-DE-PADRES-MADRES-Y-APODERADOS-7.jpg 1024w, https:\/\/www.radioamigavallenar.cl\/wp-content\/uploads\/2019\/08\/2da-Jornada-de-CENTROS-DE-PADRES-MADRES-Y-APODERADOS-7-300x200.jpg 300w, https:\/\/www.radioamigavallenar.cl\/wp-content\/uploads\/2019\/08\/2da-Jornada-de-CENTROS-DE-PADRES-MADRES-Y-APODERADOS-7-768x512.jpg 768w\" sizes=\"auto, (max-width: 571px) 100vw, 571px\" \/><\/figure><\/div>\n\n\n\n<ul class=\"wp-block-list\"><li><strong><em>Actividad liderada por Servicio Local Huasco, a trav\u00e9s del      Departamento de Participaci\u00f3n y Vinculaci\u00f3n Territorial.<\/em><\/strong> <\/li><\/ul>\n\n\n\n<p>Una nueva jornada territorial, que\nconvoc\u00f3 a todas las directivas de los Centros Generales de Padres, Madres y\nApoderados, de los liceos, escuelas y jardines p\u00fablicos de toda la provincia de\nHuasco, se llev\u00f3 a cabo en dependencias de la Escuela Ignacio Carrera Pinto de\nVallenar, la cual tuvo como objetivo principal, entregar las herramientas para\nque los centros aprendan sobre la formulaci\u00f3n y la postulaci\u00f3n de proyectos con\nl\u00edneas de financiamiento regional.<\/p>\n\n\n\n<p>Margarita Lira Mu\u00f1oz, Coordinadora\npara la Participaci\u00f3n Ciudadana del Servicio Local Huasco, mencion\u00f3 que, \u201cfue\nuna jornada muy productiva, tambi\u00e9n muy creativa, porque tuvimos trabajo\nte\u00f3rico, pero tambi\u00e9n pr\u00e1ctico, donde incentivamos a los apoderados y\napoderadas a trabajar con manualidades\u201d. La coordinadora agreg\u00f3 que \u201cesta actividad\nse centr\u00f3 en la formulaci\u00f3n y postulaci\u00f3n de proyectos, con estas actividades\nlo que buscamos es que haya intercambio entre los apoderados de los diferentes\nestablecimientos del territorio y por otra parte tambi\u00e9n, capacitarlos ya que\nesto incide directamente en su participaci\u00f3n en la escuela\u201d.<\/p>\n\n\n\n<figure class=\"wp-block-audio\"><audio controls src=\"https:\/\/www.radioamigavallenar.cl\/wp-content\/uploads\/2019\/08\/Margarita-Lira-SLEP-Huasco.mp3\"><\/audio><\/figure>\n\n\n\n<p>Luego de una presentaci\u00f3n por parte\ndel equipo del Departamento de Participaci\u00f3n y Vinculaci\u00f3n Territorial sobre\nconceptos relevantes a la formulaci\u00f3n de proyectos, los apoderados participaron\nen un taller sobre las etapas de la creaci\u00f3n de un proyecto, donde pudieron\ndesarrollar las primeras directrices que quieren realizar como Centros de\nPadres, Madres y Apoderados. <\/p>\n\n\n\n<p>Silvia Rivera Valdivia, presidenta\ndel Centro General del Liceo Jap\u00f3n y representante de los apoderados en el\nComit\u00e9 Directivo Local coment\u00f3 que, \u201cya llevamos una segunda jornada con\nVinculaci\u00f3n Territorial y la verdad que ha sido muy agradable, muy amena y a la\nvez de mucho aprendizaje, tambi\u00e9n hemos logrado tener comunicaci\u00f3n con todo el\nresto de las directivas de los subcentros a nivel provincial, entonces\nagradecer al equipo del Departamento de Participaci\u00f3n y Vinculaci\u00f3n\nTerritorial, porque siempre han estado ah\u00ed para apoyarnos, de verdad que es una\nexperiencia muy buena y reitero, muy amena estas capacitaciones que ellos nos\nentregan\u201d.<\/p>\n\n\n\n<figure class=\"wp-block-audio\"><audio controls src=\"https:\/\/www.radioamigavallenar.cl\/wp-content\/uploads\/2019\/08\/Silvia-Rivera-Presidenta-Apoderados-Liceo-Jap\u00f3n.mp3\"><\/audio><\/figure>\n\n\n\n<p>Al finalizar, los apoderados\npudieron exponer sus proyectos y debatir sobre c\u00f3mo afrontar el desarrollo de \u00e9stos,\npara as\u00ed continuar con el trabajo territorial y el intercambio de experiencias.\nHay que recordar que se aproxima la votaci\u00f3n para la elecci\u00f3n del Consejo Local\nde Educaci\u00f3n P\u00fablica, el cual otorga participaci\u00f3n para toda la comunidad\neducativa bajo la mirada de los diferentes estamentos como lo son los Centros\nde Alumnos, Centros de Padres, Madres y Apoderados, profesionales y docentes de\nla educaci\u00f3n, asistentes de la educaci\u00f3n y equipos directivos.<\/p>\n","protected":false},"excerpt":{"rendered":"<p>Actividad liderada por Servicio Local Huasco, a trav\u00e9s del Departamento de Participaci\u00f3n y Vinculaci\u00f3n Territorial. Una nueva jornada territorial, que convoc\u00f3 a todas las directivas&hellip; <\/p>\n","protected":false},"author":2,"featured_media":15463,"comment_status":"open","ping_status":"closed","sticky":false,"template":"","format":"standard","meta":{"footnotes":""},"categories":[1],"tags":[],"class_list":["post-15461","post","type-post","status-publish","format-standard","has-post-thumbnail","hentry","category-provincia-del-huasco-2"],"_links":{"self":[{"href":"https:\/\/www.radioamigavallenar.cl\/index.php?rest_route=\/wp\/v2\/posts\/15461","targetHints":{"allow":["GET"]}}],"collection":[{"href":"https:\/\/www.radioamigavallenar.cl\/index.php?rest_route=\/wp\/v2\/posts"}],"about":[{"href":"https:\/\/www.radioamigavallenar.cl\/index.php?rest_route=\/wp\/v2\/types\/post"}],"author":[{"embeddable":true,"href":"https:\/\/www.radioamigavallenar.cl\/index.php?rest_route=\/wp\/v2\/users\/2"}],"replies":[{"embeddable":true,"href":"https:\/\/www.radioamigavallenar.cl\/index.php?rest_route=%2Fwp%2Fv2%2Fcomments&post=15461"}],"version-history":[{"count":0,"href":"https:\/\/www.radioamigavallenar.cl\/index.php?rest_route=\/wp\/v2\/posts\/15461\/revisions"}],"wp:featuredmedia":[{"embeddable":true,"href":"https:\/\/www.radioamigavallenar.cl\/index.php?rest_route=\/wp\/v2\/media\/15463"}],"wp:attachment":[{"href":"https:\/\/www.radioamigavallenar.cl\/index.php?rest_route=%2Fwp%2Fv2%2Fmedia&parent=15461"}],"wp:term":[{"taxonomy":"category","embeddable":true,"href":"https:\/\/www.radioamigavallenar.cl\/index.php?rest_route=%2Fwp%2Fv2%2Fcategories&post=15461"},{"taxonomy":"post_tag","embeddable":true,"href":"https:\/\/www.radioamigavallenar.cl\/index.php?rest_route=%2Fwp%2Fv2%2Ftags&post=15461"}],"curies":[{"name":"wp","href":"https:\/\/api.w.org\/{rel}","templated":true}]}}