{"id":15454,"date":"2019-08-13T01:18:00","date_gmt":"2019-08-13T05:18:00","guid":{"rendered":"https:\/\/www.radioamigavallenar.cl\/?p=15454"},"modified":"2019-08-13T01:18:02","modified_gmt":"2019-08-13T05:18:02","slug":"en-freirina-los-ninos-y-ninas-fueron-regaloneados-en-su-dia","status":"publish","type":"post","link":"https:\/\/www.radioamigavallenar.cl\/?p=15454","title":{"rendered":"En Freirina los ni\u00f1os y ni\u00f1as fueron regaloneados en su d\u00eda."},"content":{"rendered":"\n<ul class=\"wp-block-gallery columns-3 is-cropped wp-block-gallery-1 is-layout-flex wp-block-gallery-is-layout-flex\"><li class=\"blocks-gallery-item\"><figure><img loading=\"lazy\" decoding=\"async\" width=\"960\" height=\"720\" src=\"https:\/\/www.radioamigavallenar.cl\/wp-content\/uploads\/2019\/08\/Fiesta-de-los-ni\u00f1os-Freirina-1.jpg\" alt=\"\" data-id=\"15455\" data-link=\"https:\/\/www.radioamigavallenar.cl\/?attachment_id=15455\" class=\"wp-image-15455\" srcset=\"https:\/\/www.radioamigavallenar.cl\/wp-content\/uploads\/2019\/08\/Fiesta-de-los-ni\u00f1os-Freirina-1.jpg 960w, https:\/\/www.radioamigavallenar.cl\/wp-content\/uploads\/2019\/08\/Fiesta-de-los-ni\u00f1os-Freirina-1-300x225.jpg 300w, https:\/\/www.radioamigavallenar.cl\/wp-content\/uploads\/2019\/08\/Fiesta-de-los-ni\u00f1os-Freirina-1-768x576.jpg 768w\" sizes=\"auto, (max-width: 960px) 100vw, 960px\" \/><\/figure><\/li><li class=\"blocks-gallery-item\"><figure><img loading=\"lazy\" decoding=\"async\" width=\"960\" height=\"720\" src=\"https:\/\/www.radioamigavallenar.cl\/wp-content\/uploads\/2019\/08\/Fiesta-de-los-ni\u00f1os-Freirina-2.jpg\" alt=\"\" data-id=\"15456\" data-link=\"https:\/\/www.radioamigavallenar.cl\/?attachment_id=15456\" class=\"wp-image-15456\" srcset=\"https:\/\/www.radioamigavallenar.cl\/wp-content\/uploads\/2019\/08\/Fiesta-de-los-ni\u00f1os-Freirina-2.jpg 960w, https:\/\/www.radioamigavallenar.cl\/wp-content\/uploads\/2019\/08\/Fiesta-de-los-ni\u00f1os-Freirina-2-300x225.jpg 300w, https:\/\/www.radioamigavallenar.cl\/wp-content\/uploads\/2019\/08\/Fiesta-de-los-ni\u00f1os-Freirina-2-768x576.jpg 768w\" sizes=\"auto, (max-width: 960px) 100vw, 960px\" \/><\/figure><\/li><li class=\"blocks-gallery-item\"><figure><img loading=\"lazy\" decoding=\"async\" width=\"960\" height=\"720\" src=\"https:\/\/www.radioamigavallenar.cl\/wp-content\/uploads\/2019\/08\/Fiesta-de-los-ni\u00f1os-Freirina-3.jpg\" alt=\"\" data-id=\"15457\" data-link=\"https:\/\/www.radioamigavallenar.cl\/?attachment_id=15457\" class=\"wp-image-15457\" srcset=\"https:\/\/www.radioamigavallenar.cl\/wp-content\/uploads\/2019\/08\/Fiesta-de-los-ni\u00f1os-Freirina-3.jpg 960w, https:\/\/www.radioamigavallenar.cl\/wp-content\/uploads\/2019\/08\/Fiesta-de-los-ni\u00f1os-Freirina-3-300x225.jpg 300w, https:\/\/www.radioamigavallenar.cl\/wp-content\/uploads\/2019\/08\/Fiesta-de-los-ni\u00f1os-Freirina-3-768x576.jpg 768w\" sizes=\"auto, (max-width: 960px) 100vw, 960px\" \/><\/figure><\/li><li class=\"blocks-gallery-item\"><figure><img loading=\"lazy\" decoding=\"async\" width=\"1024\" height=\"768\" src=\"https:\/\/www.radioamigavallenar.cl\/wp-content\/uploads\/2019\/08\/Fiesta-de-los-ni\u00f1os-Freirina-4-1024x768.jpg\" alt=\"\" data-id=\"15458\" data-link=\"https:\/\/www.radioamigavallenar.cl\/?attachment_id=15458\" class=\"wp-image-15458\" srcset=\"https:\/\/www.radioamigavallenar.cl\/wp-content\/uploads\/2019\/08\/Fiesta-de-los-ni\u00f1os-Freirina-4-1024x768.jpg 1024w, https:\/\/www.radioamigavallenar.cl\/wp-content\/uploads\/2019\/08\/Fiesta-de-los-ni\u00f1os-Freirina-4-300x225.jpg 300w, https:\/\/www.radioamigavallenar.cl\/wp-content\/uploads\/2019\/08\/Fiesta-de-los-ni\u00f1os-Freirina-4-768x576.jpg 768w, https:\/\/www.radioamigavallenar.cl\/wp-content\/uploads\/2019\/08\/Fiesta-de-los-ni\u00f1os-Freirina-4.jpg 2048w\" sizes=\"auto, (max-width: 1024px) 100vw, 1024px\" \/><\/figure><\/li><li class=\"blocks-gallery-item\"><figure><img loading=\"lazy\" decoding=\"async\" width=\"960\" height=\"720\" src=\"https:\/\/www.radioamigavallenar.cl\/wp-content\/uploads\/2019\/08\/Fiesta-de-los-ni\u00f1os-Freirina-5.jpg\" alt=\"\" data-id=\"15459\" data-link=\"https:\/\/www.radioamigavallenar.cl\/?attachment_id=15459\" class=\"wp-image-15459\" srcset=\"https:\/\/www.radioamigavallenar.cl\/wp-content\/uploads\/2019\/08\/Fiesta-de-los-ni\u00f1os-Freirina-5.jpg 960w, https:\/\/www.radioamigavallenar.cl\/wp-content\/uploads\/2019\/08\/Fiesta-de-los-ni\u00f1os-Freirina-5-300x225.jpg 300w, https:\/\/www.radioamigavallenar.cl\/wp-content\/uploads\/2019\/08\/Fiesta-de-los-ni\u00f1os-Freirina-5-768x576.jpg 768w\" sizes=\"auto, (max-width: 960px) 100vw, 960px\" \/><\/figure><\/li><\/ul>\n\n\n\n<p><strong><em>Camas el\u00e1sticas, juego inflables, pinta caritas y un show infantil animaron la jornada que permiti\u00f3 celebrar a los ni\u00f1os y ni\u00f1as de la comuna. <\/em><\/strong><\/p>\n\n\n\n<p>Una jornada llena de risas, baile, juegos y mucha entretenci\u00f3n marc\u00f3 la celebraci\u00f3n del d\u00eda del ni\u00f1o y ni\u00f1a en Freirina, evento central a cargo de la Direcci\u00f3n de Desarrollo Comunitario del Municipio que reparti\u00f3 entre sus asistentes bolsas con dulces y tickets de cambio para los famosos \u201cchurros\u201d, algodones y bebidas.<\/p>\n\n\n\n<p>El evento se desarroll\u00f3 en la plaza de armas, donde se dispuso de juegos inflables para la ocasi\u00f3n, juegos para todas las edades, pero en especial para los m\u00e1s peque\u00f1os. Uno de los atractivos de la jornada fue el famoso \u201cg\u00e1nele al toro\u201d, atractivo m\u00e1s solicitado por los ni\u00f1os, <strong>\u201cquer\u00eda subirme m\u00e1s veces, pero hab\u00edan m\u00e1s ni\u00f1os que se quer\u00edan subir, lo pas\u00e9 incre\u00edble\u201d<\/strong> coment\u00f3 Basti\u00e1n de 12 a\u00f1os.<\/p>\n\n\n\n<p>El show cont\u00f3 con la presencia de las mu\u00f1ecas de LOL en el escenario central, quienes hicieron bailar no tan s\u00f3lo a los ni\u00f1os, sino que tambi\u00e9n a los \u201cgrandes\u201d que se vieron motivados por sus hijos. Adem\u00e1s la actividad cont\u00f3 con la participaci\u00f3n de los superh\u00e9roes de \u201cAvengers\u201d, quienes se tomaron fotograf\u00edas con los ni\u00f1os que llegaron en gran cantidad para celebrar su d\u00eda.<\/p>\n\n\n\n<p>Los juegos inflables tambi\u00e9n fueron el atractivo para los m\u00e1s peque\u00f1os, que no dejaron de re\u00edr y jugar en las ya tradicionales camas el\u00e1sticas, que por ciento, estuvieron bien custodiadas por los \u201ct\u00edos y t\u00edas\u201d que ayudaron en la organizaci\u00f3n, donde se sumaron los funcionarios municipales que ayudaron a que todo saliera a la perfecci\u00f3n.<\/p>\n\n\n\n<p>Una de las prioridades de esta gesti\u00f3n ha sido siempre el tema de la infancia. <strong>\u201cDesde que asumimos este compromiso con la comunidad, los ni\u00f1os son nuestra constante preocupaci\u00f3n y por eso que hab\u00eda que celebrarlos como corresponde\u201d <\/strong>dijo el Alcalde C\u00e9sar Orellana tras la exitosa jornada, quien adem\u00e1s en sus redes sociales poste\u00f3: \u201cun afectuoso saludo a todos los ni\u00f1os y ni\u00f1as de la comuna, donde reafirmamos nuestro compromiso con la infancia, es y seguir\u00e1 siendo prioridad para esta administraci\u00f3n comunal tener a ni\u00f1os cada d\u00eda m\u00e1s protegidos y que nada ni nadie impida que sean felices\u201d sostuvo.<\/p>\n\n\n\n<p>Cabe destacar que las Municipalidad dispuso de buses de acercamiento desde el sector de Maitencillo y desde el sector de Las Tablas, como tambi\u00e9n destacar una serie de iniciativas particulares que han permitido celebrar con los ni\u00f1os de la residencia de Freirina, la que<\/p>\n\n\n\n<p>desde hace un tiempo a la fecha es administrada por la Municipalidad, destacando en acciones sociales de integraci\u00f3n. <strong>\u201cQuiero felicitar a varios privados y otras entidades que llegaron hasta Freirina para acompa\u00f1ar a nuestros ni\u00f1os y ni\u00f1as de la residencia, eso se agradece porque es lo que esperamos de esta sociedad, que se haga cargo de sus ni\u00f1os y ni\u00f1as\u201d<\/strong>, concluy\u00f3 Orellana.<\/p>\n","protected":false},"excerpt":{"rendered":"<p>Camas el\u00e1sticas, juego inflables, pinta caritas y un show infantil animaron la jornada que permiti\u00f3 celebrar a los ni\u00f1os y ni\u00f1as de la comuna. Una&hellip; <\/p>\n","protected":false},"author":2,"featured_media":15457,"comment_status":"open","ping_status":"closed","sticky":false,"template":"","format":"standard","meta":{"footnotes":""},"categories":[3],"tags":[],"class_list":["post-15454","post","type-post","status-publish","format-standard","has-post-thumbnail","hentry","category-freirina"],"_links":{"self":[{"href":"https:\/\/www.radioamigavallenar.cl\/index.php?rest_route=\/wp\/v2\/posts\/15454","targetHints":{"allow":["GET"]}}],"collection":[{"href":"https:\/\/www.radioamigavallenar.cl\/index.php?rest_route=\/wp\/v2\/posts"}],"about":[{"href":"https:\/\/www.radioamigavallenar.cl\/index.php?rest_route=\/wp\/v2\/types\/post"}],"author":[{"embeddable":true,"href":"https:\/\/www.radioamigavallenar.cl\/index.php?rest_route=\/wp\/v2\/users\/2"}],"replies":[{"embeddable":true,"href":"https:\/\/www.radioamigavallenar.cl\/index.php?rest_route=%2Fwp%2Fv2%2Fcomments&post=15454"}],"version-history":[{"count":0,"href":"https:\/\/www.radioamigavallenar.cl\/index.php?rest_route=\/wp\/v2\/posts\/15454\/revisions"}],"wp:featuredmedia":[{"embeddable":true,"href":"https:\/\/www.radioamigavallenar.cl\/index.php?rest_route=\/wp\/v2\/media\/15457"}],"wp:attachment":[{"href":"https:\/\/www.radioamigavallenar.cl\/index.php?rest_route=%2Fwp%2Fv2%2Fmedia&parent=15454"}],"wp:term":[{"taxonomy":"category","embeddable":true,"href":"https:\/\/www.radioamigavallenar.cl\/index.php?rest_route=%2Fwp%2Fv2%2Fcategories&post=15454"},{"taxonomy":"post_tag","embeddable":true,"href":"https:\/\/www.radioamigavallenar.cl\/index.php?rest_route=%2Fwp%2Fv2%2Ftags&post=15454"}],"curies":[{"name":"wp","href":"https:\/\/api.w.org\/{rel}","templated":true}]}}