{"id":15419,"date":"2019-08-12T00:04:17","date_gmt":"2019-08-12T04:04:17","guid":{"rendered":"https:\/\/www.radioamigavallenar.cl\/?p=15419"},"modified":"2019-08-11T21:56:08","modified_gmt":"2019-08-12T01:56:08","slug":"primer-tribunal-ambiental-realizara-visita-inspectiva-a-zona-de-influencia-del-proyecto-desarrollo-mantoverde","status":"publish","type":"post","link":"https:\/\/www.radioamigavallenar.cl\/?p=15419","title":{"rendered":"Primer Tribunal Ambiental realizar\u00e1 visita inspectiva a zona de influencia del Proyecto Desarrollo Mantoverde"},"content":{"rendered":"\n<figure class=\"wp-block-image\"><img loading=\"lazy\" decoding=\"async\" width=\"800\" height=\"465\" src=\"https:\/\/www.radioamigavallenar.cl\/wp-content\/uploads\/2019\/08\/Mantoverde-800x465.jpg\" alt=\"\" class=\"wp-image-15420\" srcset=\"https:\/\/www.radioamigavallenar.cl\/wp-content\/uploads\/2019\/08\/Mantoverde-800x465.jpg 800w, https:\/\/www.radioamigavallenar.cl\/wp-content\/uploads\/2019\/08\/Mantoverde-800x465-300x174.jpg 300w, https:\/\/www.radioamigavallenar.cl\/wp-content\/uploads\/2019\/08\/Mantoverde-800x465-768x446.jpg 768w\" sizes=\"auto, (max-width: 800px) 100vw, 800px\" \/><\/figure>\n\n\n\n<p>Este lunes 12 de agosto, el Ministro Titular en Ciencias, Marcelo Hern\u00e1ndez, junto al equipo de ciencias y jur\u00eddico del Primer Tribunal Ambiental realizar\u00e1n una visita inspectiva a la zona de influencia del Proyecto Desarrollo Mantoverde, ubicado a 50 kil\u00f3metros de Cha\u00f1aral en la Regi\u00f3n de Atacama.<\/p>\n\n\n\n<p>La inspecci\u00f3n se efectuar\u00e1 en el marco de la reclamaci\u00f3n de habitantes de la zona en contra del Servicio de Evaluaci\u00f3n Ambiental, SEA, por la calificaci\u00f3n favorable del proyecto de la minera Mantos Cooper.<\/p>\n\n\n\n<p>Se trata de una medida para mejor resolver que fue adoptada despu\u00e9s de la audiencia de alegatos efectuada ayer ante los Ministros Mauricio Oviedo (Presidente), Marcelo Hern\u00e1ndez y Cristi\u00e1n Delpiano, en la que se conocieron las principales controversias de la reclamaci\u00f3n, las que se centraron en el tranque de relaves del proyecto, as\u00ed como los eventuales riesgos y medidas de mitigaci\u00f3n.<\/p>\n\n\n\n<h3 class=\"wp-block-heading\">Recorrido<\/h3>\n\n\n\n<p>La visita contempla visitar las zonas de relave, emplazamiento, canales perimetrales, muro corta fugas y conocer el Plan de Emergencia y Contingencia de la empresa.<\/p>\n\n\n\n<p>Tambi\u00e9n, se revisar\u00e1 el sector de la quebrada Guamanga y el \u00e1rea de influencia para revisar la zona de posible riesgo de afectaci\u00f3n en caso de desplazamiento aluvional y relave, para posteriormente recorrer la bah\u00eda de Flamenco.<\/p>\n\n\n\n<h3 class=\"wp-block-heading\">Proyecto<\/h3>\n\n\n\n<p>El proyecto \u201cDesarrollo Mantoverde\u201d de la empresa Mantos Copper S.A. ingres\u00f3 a Sistema de Evaluci\u00f3n de Impacto Ambiental, SEIA, mediante un Estudio de Impacto Ambiental, EIA, con fecha 6 de febrero de 2017, y fue calificado ambientalmente favorable por la Comision de Evaluaci\u00f3n de Atacama por medio de la Resoluci\u00f3n Exenta N\u00ba16 (RCA), de fecha 9 de marzo de 2018.<\/p>\n\n\n\n<p>El proyecto consiste en dar continuidad operacional a la faena minera Mantoverde diversificando sus operaciones mediante la explotaci\u00f3n y procesamiento de minerales de s\u00falfuros, para la obtenci\u00f3n de concentrado de cobre, manteniendo la producci\u00f3n actual de minerales oxidados.<\/p>\n","protected":false},"excerpt":{"rendered":"<p>Este lunes 12 de agosto, el Ministro Titular en Ciencias, Marcelo Hern\u00e1ndez, junto al equipo de ciencias y jur\u00eddico del Primer Tribunal Ambiental realizar\u00e1n una&hellip; <\/p>\n","protected":false},"author":2,"featured_media":15420,"comment_status":"open","ping_status":"closed","sticky":false,"template":"","format":"standard","meta":{"footnotes":""},"categories":[7,34],"tags":[],"class_list":["post-15419","post","type-post","status-publish","format-standard","has-post-thumbnail","hentry","category-atacama","category-mineria"],"_links":{"self":[{"href":"https:\/\/www.radioamigavallenar.cl\/index.php?rest_route=\/wp\/v2\/posts\/15419","targetHints":{"allow":["GET"]}}],"collection":[{"href":"https:\/\/www.radioamigavallenar.cl\/index.php?rest_route=\/wp\/v2\/posts"}],"about":[{"href":"https:\/\/www.radioamigavallenar.cl\/index.php?rest_route=\/wp\/v2\/types\/post"}],"author":[{"embeddable":true,"href":"https:\/\/www.radioamigavallenar.cl\/index.php?rest_route=\/wp\/v2\/users\/2"}],"replies":[{"embeddable":true,"href":"https:\/\/www.radioamigavallenar.cl\/index.php?rest_route=%2Fwp%2Fv2%2Fcomments&post=15419"}],"version-history":[{"count":0,"href":"https:\/\/www.radioamigavallenar.cl\/index.php?rest_route=\/wp\/v2\/posts\/15419\/revisions"}],"wp:featuredmedia":[{"embeddable":true,"href":"https:\/\/www.radioamigavallenar.cl\/index.php?rest_route=\/wp\/v2\/media\/15420"}],"wp:attachment":[{"href":"https:\/\/www.radioamigavallenar.cl\/index.php?rest_route=%2Fwp%2Fv2%2Fmedia&parent=15419"}],"wp:term":[{"taxonomy":"category","embeddable":true,"href":"https:\/\/www.radioamigavallenar.cl\/index.php?rest_route=%2Fwp%2Fv2%2Fcategories&post=15419"},{"taxonomy":"post_tag","embeddable":true,"href":"https:\/\/www.radioamigavallenar.cl\/index.php?rest_route=%2Fwp%2Fv2%2Ftags&post=15419"}],"curies":[{"name":"wp","href":"https:\/\/api.w.org\/{rel}","templated":true}]}}