{"id":15416,"date":"2019-08-12T00:03:23","date_gmt":"2019-08-12T04:03:23","guid":{"rendered":"https:\/\/www.radioamigavallenar.cl\/?p=15416"},"modified":"2019-08-11T21:53:37","modified_gmt":"2019-08-12T01:53:37","slug":"275-organizaciones-sociales-de-atacama-reciben-fondos-del-fndr-del-gobierno-regional","status":"publish","type":"post","link":"https:\/\/www.radioamigavallenar.cl\/?p=15416","title":{"rendered":"275 organizaciones sociales de Atacama reciben fondos del FNDR del Gobierno Regional"},"content":{"rendered":"\n<div class=\"wp-block-image\"><figure class=\"aligncenter is-resized\"><img loading=\"lazy\" decoding=\"async\" src=\"https:\/\/www.radioamigavallenar.cl\/wp-content\/uploads\/2019\/08\/FNDR-y-CORE-800x533.jpg\" alt=\"\" class=\"wp-image-15417\" width=\"587\" height=\"391\" srcset=\"https:\/\/www.radioamigavallenar.cl\/wp-content\/uploads\/2019\/08\/FNDR-y-CORE-800x533.jpg 800w, https:\/\/www.radioamigavallenar.cl\/wp-content\/uploads\/2019\/08\/FNDR-y-CORE-800x533-300x200.jpg 300w, https:\/\/www.radioamigavallenar.cl\/wp-content\/uploads\/2019\/08\/FNDR-y-CORE-800x533-768x512.jpg 768w\" sizes=\"auto, (max-width: 587px) 100vw, 587px\" \/><\/figure><\/div>\n\n\n\n<p>Este s\u00e1bado se llev\u00f3 a cabo en la Provincia del Huasco la \u00faltima ceremonia de transferencia de recursos a entidades privadas sin fines de lucro. Han sido tres jornadas en las comunas de Copiap\u00f3, Vallenar y Cha\u00f1aral para entregar los cheques que corresponden al 6% del Fondo Nacional de Desarrollo Regional (FNDR).<\/p>\n\n\n\n<p>La actividad cont\u00f3 con la presencia del Intendente Regional, Patricio Urquieta, la Gobernadora Provincial, Nelly Galeb, el Alcalde Cristian Tapia, la diputada Sof\u00eda Cid, los consejeros regionales, adem\u00e1s de autoridades civiles y uniformadas. Un total de 104 instituciones y entidades de la provincia fueron beneficiadas por las cuatro glosas existentes: Deporte, Cultura, Seguridad Ciudadana y de Car\u00e1cter Social, Prevenci\u00f3n de Drogas y Medioambiente.<\/p>\n\n\n\n<p>El Intendente Urquieta se\u00f1al\u00f3 que \u201ccon apoyo del Consejo Regional, estamos entregando estos recursos a las organizaciones sociales para que puedan cumplir con proyectos que han concursado a las glosas que forman parte de las prioridades regionales que tambi\u00e9n tienen sinton\u00eda con el programa de Gobierno del Presidente Pi\u00f1era; actividades vinculadas a la seguridad p\u00fablica, al deporte, al medio ambiente, a la cultura, a la prevenci\u00f3n de consumo de drogas, y en todos aquellos aspectos que realmente forman parte de las necesidades de la gente y que para nosotros son importantes de impulsar con la sociedad civil\u201d agregando que \u201cquiero agradecer el compromiso de los consejeros regionales al financiar m\u00e1s de 100 proyectos para la provincia del Huasco que hoy d\u00eda se convierte en una oportunidad para seguir brindando oportunidades para progresar para las familias\u201d.<\/p>\n\n\n\n<p>En tanto, Lidia Osorios, Presidenta de la Uni\u00f3n Comunal de Freirina, coment\u00f3 que \u201cnuestro proyecto tuvo que ver con la reutilizaci\u00f3n de ropa usada espec\u00edficamente para hacer bolsas para el pan. Como vecinas estamos muy contentas porque en un principio se critic\u00f3 la ley que elimina las bolsas pl\u00e1sticas, pero a un a\u00f1o de estar ya en vigencia, cuando se ve que se est\u00e1n dejando de usar 2200 millones de bolsas, uno se siente esperanzado y pensando que s\u00ed se puede. Nosotros aportamos un granito de arroz pero es importante igual y genera conciencia que es muy importante\u201d.<\/p>\n\n\n\n<p>En total en la Regi\u00f3n de Atacama fueron 275 organizaciones sociales y m\u00e1s de $1500 millones invertidos en beneficio de sus iniciativas.<\/p>\n","protected":false},"excerpt":{"rendered":"<p>Este s\u00e1bado se llev\u00f3 a cabo en la Provincia del Huasco la \u00faltima ceremonia de transferencia de recursos a entidades privadas sin fines de lucro.&hellip; <\/p>\n","protected":false},"author":2,"featured_media":15417,"comment_status":"open","ping_status":"closed","sticky":false,"template":"","format":"standard","meta":{"footnotes":""},"categories":[7,1],"tags":[],"class_list":["post-15416","post","type-post","status-publish","format-standard","has-post-thumbnail","hentry","category-atacama","category-provincia-del-huasco-2"],"_links":{"self":[{"href":"https:\/\/www.radioamigavallenar.cl\/index.php?rest_route=\/wp\/v2\/posts\/15416","targetHints":{"allow":["GET"]}}],"collection":[{"href":"https:\/\/www.radioamigavallenar.cl\/index.php?rest_route=\/wp\/v2\/posts"}],"about":[{"href":"https:\/\/www.radioamigavallenar.cl\/index.php?rest_route=\/wp\/v2\/types\/post"}],"author":[{"embeddable":true,"href":"https:\/\/www.radioamigavallenar.cl\/index.php?rest_route=\/wp\/v2\/users\/2"}],"replies":[{"embeddable":true,"href":"https:\/\/www.radioamigavallenar.cl\/index.php?rest_route=%2Fwp%2Fv2%2Fcomments&post=15416"}],"version-history":[{"count":0,"href":"https:\/\/www.radioamigavallenar.cl\/index.php?rest_route=\/wp\/v2\/posts\/15416\/revisions"}],"wp:featuredmedia":[{"embeddable":true,"href":"https:\/\/www.radioamigavallenar.cl\/index.php?rest_route=\/wp\/v2\/media\/15417"}],"wp:attachment":[{"href":"https:\/\/www.radioamigavallenar.cl\/index.php?rest_route=%2Fwp%2Fv2%2Fmedia&parent=15416"}],"wp:term":[{"taxonomy":"category","embeddable":true,"href":"https:\/\/www.radioamigavallenar.cl\/index.php?rest_route=%2Fwp%2Fv2%2Fcategories&post=15416"},{"taxonomy":"post_tag","embeddable":true,"href":"https:\/\/www.radioamigavallenar.cl\/index.php?rest_route=%2Fwp%2Fv2%2Ftags&post=15416"}],"curies":[{"name":"wp","href":"https:\/\/api.w.org\/{rel}","templated":true}]}}