{"id":15411,"date":"2019-08-11T08:44:07","date_gmt":"2019-08-11T12:44:07","guid":{"rendered":"https:\/\/www.radioamigavallenar.cl\/?p=15411"},"modified":"2019-08-11T08:44:07","modified_gmt":"2019-08-11T12:44:07","slug":"ex-gobernador-manuel-corrales-aseguro-que-muchas-periodistas-por-salir-a-nivel-nacional-son-capaces-de-vender-a-su-madre","status":"publish","type":"post","link":"https:\/\/www.radioamigavallenar.cl\/?p=15411","title":{"rendered":"Ex gobernador Manuel Corrales asegur\u00f3 que \u201cmuchas periodistas por salir a nivel nacional son capaces de vender a su madre\u201d"},"content":{"rendered":"\n<div class=\"wp-block-image\"><figure class=\"aligncenter\"><img loading=\"lazy\" decoding=\"async\" width=\"675\" height=\"431\" src=\"https:\/\/www.radioamigavallenar.cl\/wp-content\/uploads\/2019\/08\/thumbnail_manuel-corrales-.jpg\" alt=\"\" class=\"wp-image-15193\" srcset=\"https:\/\/www.radioamigavallenar.cl\/wp-content\/uploads\/2019\/08\/thumbnail_manuel-corrales-.jpg 675w, https:\/\/www.radioamigavallenar.cl\/wp-content\/uploads\/2019\/08\/thumbnail_manuel-corrales--300x192.jpg 300w\" sizes=\"auto, (max-width: 675px) 100vw, 675px\" \/><\/figure><\/div>\n\n\n\n<p>El ex gobernador de la Provincia de Copiap\u00f3, Manuel Corrales, caus\u00f3 pol\u00e9mica por sus dichos contra con la prensa, manifestando que \u201cmuchas periodistas por salir a nivel nacional son capaces de vender a su madre\u201d. Comentarios \u201crepudiados\u201d por la Comisi\u00f3n de G\u00e9nero del Colegio de Periodistas a trav\u00e9s de sus redes sociales.<\/p>\n\n\n\n<p>Corrales tambi\u00e9n critic\u00f3 la administraci\u00f3n del municipio de Copiap\u00f3, expresando su intenci\u00f3n de \u201crecuperar la Municipalidad, hay gente que me dice que pasa d\u00edas tratando de hablar con una autoridad (\u2026) Hemos pasado de una gesti\u00f3n a otra y no se han visto los beneficios para la gente\u201d.<\/p>\n\n\n\n<p>Adem\u00e1s, el ex gobernador opin\u00f3 sobre la situaci\u00f3n de la localidad de San Pedro, declarando que \u201ces una hermosa localidad, ellos est\u00e1n dejados de la mano de Dios y el Gobierno Comunal, no estoy hablando del Gobierno Regional\u201d.<\/p>\n\n\n\n<p>Igualmente, Corrales habl\u00f3 sobre la filtraci\u00f3n de videos y su futuro pol\u00edtico, se\u00f1alando que \u201caqu\u00ed se rompieron los c\u00f3digos, este extranjero que estaba trabajando en la Gobernaci\u00f3n de Copiap\u00f3 fue quien filtr\u00f3 los videos, los edito, los modific\u00f3 (\u2026) no me voy a alejar de la pol\u00edtica, uno pelea por conseguir cosas para la gente y eso es lo que no est\u00e1 ocurriendo en el Gobierno Comunal\u201d.<\/p>\n","protected":false},"excerpt":{"rendered":"<p>El ex gobernador de la Provincia de Copiap\u00f3, Manuel Corrales, caus\u00f3 pol\u00e9mica por sus dichos contra con la prensa, manifestando que \u201cmuchas periodistas por salir&hellip; <\/p>\n","protected":false},"author":2,"featured_media":15193,"comment_status":"open","ping_status":"closed","sticky":false,"template":"","format":"standard","meta":{"footnotes":""},"categories":[7],"tags":[],"class_list":["post-15411","post","type-post","status-publish","format-standard","has-post-thumbnail","hentry","category-atacama"],"_links":{"self":[{"href":"https:\/\/www.radioamigavallenar.cl\/index.php?rest_route=\/wp\/v2\/posts\/15411","targetHints":{"allow":["GET"]}}],"collection":[{"href":"https:\/\/www.radioamigavallenar.cl\/index.php?rest_route=\/wp\/v2\/posts"}],"about":[{"href":"https:\/\/www.radioamigavallenar.cl\/index.php?rest_route=\/wp\/v2\/types\/post"}],"author":[{"embeddable":true,"href":"https:\/\/www.radioamigavallenar.cl\/index.php?rest_route=\/wp\/v2\/users\/2"}],"replies":[{"embeddable":true,"href":"https:\/\/www.radioamigavallenar.cl\/index.php?rest_route=%2Fwp%2Fv2%2Fcomments&post=15411"}],"version-history":[{"count":0,"href":"https:\/\/www.radioamigavallenar.cl\/index.php?rest_route=\/wp\/v2\/posts\/15411\/revisions"}],"wp:featuredmedia":[{"embeddable":true,"href":"https:\/\/www.radioamigavallenar.cl\/index.php?rest_route=\/wp\/v2\/media\/15193"}],"wp:attachment":[{"href":"https:\/\/www.radioamigavallenar.cl\/index.php?rest_route=%2Fwp%2Fv2%2Fmedia&parent=15411"}],"wp:term":[{"taxonomy":"category","embeddable":true,"href":"https:\/\/www.radioamigavallenar.cl\/index.php?rest_route=%2Fwp%2Fv2%2Fcategories&post=15411"},{"taxonomy":"post_tag","embeddable":true,"href":"https:\/\/www.radioamigavallenar.cl\/index.php?rest_route=%2Fwp%2Fv2%2Ftags&post=15411"}],"curies":[{"name":"wp","href":"https:\/\/api.w.org\/{rel}","templated":true}]}}