{"id":15405,"date":"2019-08-11T08:15:54","date_gmt":"2019-08-11T12:15:54","guid":{"rendered":"https:\/\/www.radioamigavallenar.cl\/?p=15405"},"modified":"2019-08-11T08:15:55","modified_gmt":"2019-08-11T12:15:55","slug":"se-declara-alerta-temprana-preventiva-paras-las-comunas-de-diego-de-almagro-copiapo-tierra-amarilla-vallenar-y-alto-del-carmen-por-altas-temperaturas","status":"publish","type":"post","link":"https:\/\/www.radioamigavallenar.cl\/?p=15405","title":{"rendered":"Se declara Alerta Temprana Preventiva paras las comunas de Diego de Almagro, Copiap\u00f3, Tierra Amarilla, Vallenar y Alto del Carmen por altas temperaturas."},"content":{"rendered":"\n<div class=\"wp-block-image\"><figure class=\"aligncenter is-resized\"><img loading=\"lazy\" decoding=\"async\" src=\"https:\/\/www.radioamigavallenar.cl\/wp-content\/uploads\/2019\/08\/calorn.jpg\" alt=\"\" class=\"wp-image-15406\" width=\"565\" height=\"338\" srcset=\"https:\/\/www.radioamigavallenar.cl\/wp-content\/uploads\/2019\/08\/calorn.jpg 992w, https:\/\/www.radioamigavallenar.cl\/wp-content\/uploads\/2019\/08\/calorn-300x180.jpg 300w, https:\/\/www.radioamigavallenar.cl\/wp-content\/uploads\/2019\/08\/calorn-768x461.jpg 768w\" sizes=\"auto, (max-width: 565px) 100vw, 565px\" \/><\/figure><\/div>\n\n\n\n<p>De acuerdo con la informaci\u00f3n proporcionada por la Direcci\u00f3n Meteorol\u00f3gica de Chile (DMC), mediante su Aviso Meteorol\u00f3gico CNA A191\/2019 emitido la jornada , se prev\u00e9n altas temperaturas en valle y precordillera de la Regi\u00f3n de Atacama para los d\u00edas&nbsp;<strong>lunes 12 y martes 13 de agosto,<\/strong>&nbsp;lo que supone un aumento del riesgo asociado a dicha variable meteorol\u00f3gica.<\/p>\n\n\n\n<p>En consideraci\u00f3n a estos antecedentes, la Direcci\u00f3n Regional de ONEMI Atacama declara Alerta Temprana Preventiva paras las comunas de&nbsp;<strong>Diego de Almagro, Copiap\u00f3, Tierra Amarilla, Vallenar y Alto del Carmen por altas temperaturas<\/strong>, vigente a partir de hoy y hasta que las condiciones meteorol\u00f3gicas as\u00ed lo ameriten.<\/p>\n\n\n\n<p>La declaraci\u00f3n de esta alerta se constituye como un estado de reforzamiento de la vigilancia, mediante el monitoreo preciso y riguroso de las condiciones de riesgo y las respectivas vulnerabilidades asociadas a la amenaza, coordinando y activando al Sistema de Protecci\u00f3n Civil con el fin de actuar oportunamente frente a eventuales situaciones de emergencia.<\/p>\n","protected":false},"excerpt":{"rendered":"<p>De acuerdo con la informaci\u00f3n proporcionada por la Direcci\u00f3n Meteorol\u00f3gica de Chile (DMC), mediante su Aviso Meteorol\u00f3gico CNA A191\/2019 emitido la jornada , se prev\u00e9n&hellip; <\/p>\n","protected":false},"author":2,"featured_media":15406,"comment_status":"open","ping_status":"closed","sticky":false,"template":"","format":"standard","meta":{"footnotes":""},"categories":[7],"tags":[],"class_list":["post-15405","post","type-post","status-publish","format-standard","has-post-thumbnail","hentry","category-atacama"],"_links":{"self":[{"href":"https:\/\/www.radioamigavallenar.cl\/index.php?rest_route=\/wp\/v2\/posts\/15405","targetHints":{"allow":["GET"]}}],"collection":[{"href":"https:\/\/www.radioamigavallenar.cl\/index.php?rest_route=\/wp\/v2\/posts"}],"about":[{"href":"https:\/\/www.radioamigavallenar.cl\/index.php?rest_route=\/wp\/v2\/types\/post"}],"author":[{"embeddable":true,"href":"https:\/\/www.radioamigavallenar.cl\/index.php?rest_route=\/wp\/v2\/users\/2"}],"replies":[{"embeddable":true,"href":"https:\/\/www.radioamigavallenar.cl\/index.php?rest_route=%2Fwp%2Fv2%2Fcomments&post=15405"}],"version-history":[{"count":0,"href":"https:\/\/www.radioamigavallenar.cl\/index.php?rest_route=\/wp\/v2\/posts\/15405\/revisions"}],"wp:featuredmedia":[{"embeddable":true,"href":"https:\/\/www.radioamigavallenar.cl\/index.php?rest_route=\/wp\/v2\/media\/15406"}],"wp:attachment":[{"href":"https:\/\/www.radioamigavallenar.cl\/index.php?rest_route=%2Fwp%2Fv2%2Fmedia&parent=15405"}],"wp:term":[{"taxonomy":"category","embeddable":true,"href":"https:\/\/www.radioamigavallenar.cl\/index.php?rest_route=%2Fwp%2Fv2%2Fcategories&post=15405"},{"taxonomy":"post_tag","embeddable":true,"href":"https:\/\/www.radioamigavallenar.cl\/index.php?rest_route=%2Fwp%2Fv2%2Ftags&post=15405"}],"curies":[{"name":"wp","href":"https:\/\/api.w.org\/{rel}","templated":true}]}}