{"id":15402,"date":"2019-08-11T00:02:03","date_gmt":"2019-08-11T04:02:03","guid":{"rendered":"https:\/\/www.radioamigavallenar.cl\/?p=15402"},"modified":"2019-08-10T20:53:56","modified_gmt":"2019-08-11T00:53:56","slug":"departamento-de-kinesiologia-de-la-uda-dio-a-conocer-investigacion-sobre-necesidades-en-salud-del-adulto-mayor","status":"publish","type":"post","link":"https:\/\/www.radioamigavallenar.cl\/?p=15402","title":{"rendered":"Departamento de Kinesiolog\u00eda de la UDA dio a conocer investigaci\u00f3n sobre necesidades en Salud del Adulto Mayor"},"content":{"rendered":"\n<figure class=\"wp-block-image\"><img loading=\"lazy\" decoding=\"async\" width=\"750\" height=\"400\" src=\"https:\/\/www.radioamigavallenar.cl\/wp-content\/uploads\/2019\/08\/uda.jpg\" alt=\"\" class=\"wp-image-15403\" srcset=\"https:\/\/www.radioamigavallenar.cl\/wp-content\/uploads\/2019\/08\/uda.jpg 750w, https:\/\/www.radioamigavallenar.cl\/wp-content\/uploads\/2019\/08\/uda-300x160.jpg 300w\" sizes=\"auto, (max-width: 750px) 100vw, 750px\" \/><\/figure>\n\n\n\n<p><strong><em>Los resultados de este trabajo, fueron dados a conocer en instancia organizada por la red de Kinesi\u00f3logos que trabajan por los adultos mayores en la regi\u00f3n Atacama, KINEAM.<\/em><\/strong><\/p>\n\n\n\n<p>En dependencias de la C\u00e1mara Chilena de la Construcci\u00f3n, la Red de Kinesi\u00f3logos que trabajan por el adulto mayor (KINEAM), tuvo lugar el seminario denominado \u201cJornada de Geriatr\u00eda y Gerontolog\u00eda Rehabilitaci\u00f3n de la Persona Mayor: Enfoque desde la Experiencia e Investigaci\u00f3n\u201d, contexto en el cual las acad\u00e9micas del Departamento de Kinesiolog\u00eda de la Facultad de Ciencias de la Salud de la Universidad de Atacama (UDA), Paula Moreno y Livia Cort\u00e9s, presentaron los resultados de su investigaci\u00f3n denominada \u201cDeseos y Necesidades en Salud de las Personas Mayores que Asisten a Centros de Atenci\u00f3n Primaria de Salud\u201d, el que cual se realiz\u00f3 gracias al financiamiento del proyecto DIUDA, Iniciaci\u00f3n 2018, de la Vicerrector\u00eda de Investigaci\u00f3n y Postgrado de nuestra Casa de Estudios Superiores.<\/p>\n\n\n\n<p>Las acad\u00e9micas compartieron los resultados con la finalidad que todos los profesionales y estudiantes, quienes trabajar\u00e1n con las personas mayores de la regi\u00f3n, reconozcan las necesidades e inquietudes de este grupo etario en crecimiento, que, seg\u00fan el \u00faltimo Censo, representan el 16% de la poblaci\u00f3n en Chile.<\/p>\n\n\n\n<p>En detalle, Paula Moreno explic\u00f3 en la oportunidad que uno de los principales resultados de la investigaci\u00f3n, realizada en tres centros de atenci\u00f3n primaria de Salud de la ciudad de Copiap\u00f3, es \u201cla necesidad y deseo que exista una atenci\u00f3n integradora por parte del profesional de la salud y, adem\u00e1s, que puedan tener un mejor acceso a \u00e9sta\u201d.<\/p>\n\n\n\n<p><strong>COMPETENCIAS<\/strong><\/p>\n\n\n\n<p>Por su parte, Livia Cort\u00e9s, complement\u00f3, pensando en un tema importante a tomar en cuenta en futuras investigaciones, \u201cla relevancia del trabajo con las personas mayores y el fomentar un desarrollo de las competencias disciplinares y actitudinales orientadas al trabajo con este grupo etario, fundamentalmente en los estudios de pregrado de las carreras orientadas a la Salud\u201d.<\/p>\n\n\n\n<p>Cabe se\u00f1alar que, esta actividad de transferencia de resultados, se enmarca en la jornada organizada por KINEAM, en donde adem\u00e1s se tocaron tem\u00e1ticas relacionadas con la Geriatr\u00eda y Gerontolog\u00eda, desde la perspectiva de la investigaci\u00f3n y la experiencia de trabajar con personas mayores en la Regi\u00f3n de Atacama.<\/p>\n\n\n\n<p>\u201cEsta jornada ofreci\u00f3 una oportunidad \u00fanica y sumamente importante, de poder encontrarse con todos los profesionales que trabajan directamente con las personas mayores y que buscan poder entregar un servicio de calidad cumpliendo expectativas y deseos de este grupo etario tan relevante para nuestro pa\u00eds\u201d, coment\u00f3 Wilson Past\u00e9n, Director del Departamento de Kinesiolog\u00eda de la UDA.<\/p>\n","protected":false},"excerpt":{"rendered":"<p>Los resultados de este trabajo, fueron dados a conocer en instancia organizada por la red de Kinesi\u00f3logos que trabajan por los adultos mayores en la&hellip; <\/p>\n","protected":false},"author":2,"featured_media":15403,"comment_status":"open","ping_status":"closed","sticky":false,"template":"","format":"standard","meta":{"footnotes":""},"categories":[7],"tags":[],"class_list":["post-15402","post","type-post","status-publish","format-standard","has-post-thumbnail","hentry","category-atacama"],"_links":{"self":[{"href":"https:\/\/www.radioamigavallenar.cl\/index.php?rest_route=\/wp\/v2\/posts\/15402","targetHints":{"allow":["GET"]}}],"collection":[{"href":"https:\/\/www.radioamigavallenar.cl\/index.php?rest_route=\/wp\/v2\/posts"}],"about":[{"href":"https:\/\/www.radioamigavallenar.cl\/index.php?rest_route=\/wp\/v2\/types\/post"}],"author":[{"embeddable":true,"href":"https:\/\/www.radioamigavallenar.cl\/index.php?rest_route=\/wp\/v2\/users\/2"}],"replies":[{"embeddable":true,"href":"https:\/\/www.radioamigavallenar.cl\/index.php?rest_route=%2Fwp%2Fv2%2Fcomments&post=15402"}],"version-history":[{"count":0,"href":"https:\/\/www.radioamigavallenar.cl\/index.php?rest_route=\/wp\/v2\/posts\/15402\/revisions"}],"wp:featuredmedia":[{"embeddable":true,"href":"https:\/\/www.radioamigavallenar.cl\/index.php?rest_route=\/wp\/v2\/media\/15403"}],"wp:attachment":[{"href":"https:\/\/www.radioamigavallenar.cl\/index.php?rest_route=%2Fwp%2Fv2%2Fmedia&parent=15402"}],"wp:term":[{"taxonomy":"category","embeddable":true,"href":"https:\/\/www.radioamigavallenar.cl\/index.php?rest_route=%2Fwp%2Fv2%2Fcategories&post=15402"},{"taxonomy":"post_tag","embeddable":true,"href":"https:\/\/www.radioamigavallenar.cl\/index.php?rest_route=%2Fwp%2Fv2%2Ftags&post=15402"}],"curies":[{"name":"wp","href":"https:\/\/api.w.org\/{rel}","templated":true}]}}