{"id":15392,"date":"2019-08-10T01:37:41","date_gmt":"2019-08-10T05:37:41","guid":{"rendered":"https:\/\/www.radioamigavallenar.cl\/?p=15392"},"modified":"2019-08-10T01:37:42","modified_gmt":"2019-08-10T05:37:42","slug":"mas-de-100-docentes-de-atacama-participaron-en-cuarta-clase-publica-de-leo-primero","status":"publish","type":"post","link":"https:\/\/www.radioamigavallenar.cl\/?p=15392","title":{"rendered":"M\u00e1s de 100 docentes de Atacama participaron en Cuarta Clase P\u00fablica de \u201cLeo Primero\u201d"},"content":{"rendered":"\n<div class=\"wp-block-image\"><figure class=\"aligncenter is-resized\"><img loading=\"lazy\" decoding=\"async\" src=\"https:\/\/www.radioamigavallenar.cl\/wp-content\/uploads\/2019\/08\/leo-800x600.jpeg\" alt=\"\" class=\"wp-image-15393\" width=\"552\" height=\"414\" srcset=\"https:\/\/www.radioamigavallenar.cl\/wp-content\/uploads\/2019\/08\/leo-800x600.jpeg 800w, https:\/\/www.radioamigavallenar.cl\/wp-content\/uploads\/2019\/08\/leo-800x600-300x225.jpeg 300w, https:\/\/www.radioamigavallenar.cl\/wp-content\/uploads\/2019\/08\/leo-800x600-768x576.jpeg 768w\" sizes=\"auto, (max-width: 552px) 100vw, 552px\" \/><\/figure><\/div>\n\n\n\n<p>En el marco de las 10 medidas del plan de calidad \u201cChile Aprende M\u00e1s\u201d, se realiz\u00f3 la cuarta clase p\u00fablica del Programa \u201cLeo Primero\u201d, en la que participaron m\u00e1s de 100 docentes de los establecimientos educacionales de Atacama, adscritos a esta iniciativa que busca que los profesores aprendan la estrategia did\u00e1ctica que propone el modelo para la ense\u00f1anza de la lectura.<\/p>\n\n\n\n<p>A trav\u00e9s de \u201cLeo Primero\u201d el Gobierno busca que todos los ni\u00f1os aprendan a leer en Primero B\u00e1sico y as\u00ed evitar que se generen brechas a temprana edad en sus aprendizajes, ya que, seg\u00fan diversos estudios, un ni\u00f1o con mejor desarrollo de lectura alcanza mejores resultados en el resto de las asignaturas.<\/p>\n\n\n\n<p>Seg\u00fan explic\u00f3 la seremi Silvia \u00c1lvarez Matthwes, la metodolog\u00eda de la iniciativa, transmitida simult\u00e1neamente en todo el pa\u00eds v\u00eda streaming, consiste en que un profesor experimentado realiza una clase con estudiantes de Primero B\u00e1sico, que no ha visto antes, mientras un grupo de docentes observan activamente la din\u00e1mica, la que ha tenido resultados exitosos en pa\u00edses desarrollados.<\/p>\n\n\n\n<p>\u201cLa meta es alta m\u00e1s considerando que nuestra regi\u00f3n est\u00e1 situada como una de las regiones a nivel nacional con mayor proporci\u00f3n de ni\u00f1os con niveles insuficientes en lectura, con un 31,0%. Desde el Ministerio somos responsables por el Plan en general, pero esta es una responsabilidad compartida con sostenedores y docentes, los que han demostrado que tienen el compromiso para aprender constantemente, comprometidos con sus estudiantes para cumplir la meta de ense\u00f1ar a sus alumnos a leer\u201d, preci\u00f3 la autoridad regional.<\/p>\n\n\n\n<p>Este plan, seg\u00fan resalt\u00f3 la Seremi de Educaci\u00f3n, entrega a \u201clos ni\u00f1os y docentes las herramientas que necesitan para desarrollar la lectura, para lo cual se han entregado materiales como un texto escolar, una gu\u00eda did\u00e1ctica del docente, m\u00e1s de 40 libros para la biblioteca de aula, l\u00e1minas de lectura gigantes y videos con estrategias pedag\u00f3gicas para la ense\u00f1anza de la lectura\u201d.<\/p>\n","protected":false},"excerpt":{"rendered":"<p>En el marco de las 10 medidas del plan de calidad \u201cChile Aprende M\u00e1s\u201d, se realiz\u00f3 la cuarta clase p\u00fablica del Programa \u201cLeo Primero\u201d, en&hellip; <\/p>\n","protected":false},"author":2,"featured_media":15393,"comment_status":"open","ping_status":"closed","sticky":false,"template":"","format":"standard","meta":{"footnotes":""},"categories":[7],"tags":[],"class_list":["post-15392","post","type-post","status-publish","format-standard","has-post-thumbnail","hentry","category-atacama"],"_links":{"self":[{"href":"https:\/\/www.radioamigavallenar.cl\/index.php?rest_route=\/wp\/v2\/posts\/15392","targetHints":{"allow":["GET"]}}],"collection":[{"href":"https:\/\/www.radioamigavallenar.cl\/index.php?rest_route=\/wp\/v2\/posts"}],"about":[{"href":"https:\/\/www.radioamigavallenar.cl\/index.php?rest_route=\/wp\/v2\/types\/post"}],"author":[{"embeddable":true,"href":"https:\/\/www.radioamigavallenar.cl\/index.php?rest_route=\/wp\/v2\/users\/2"}],"replies":[{"embeddable":true,"href":"https:\/\/www.radioamigavallenar.cl\/index.php?rest_route=%2Fwp%2Fv2%2Fcomments&post=15392"}],"version-history":[{"count":0,"href":"https:\/\/www.radioamigavallenar.cl\/index.php?rest_route=\/wp\/v2\/posts\/15392\/revisions"}],"wp:featuredmedia":[{"embeddable":true,"href":"https:\/\/www.radioamigavallenar.cl\/index.php?rest_route=\/wp\/v2\/media\/15393"}],"wp:attachment":[{"href":"https:\/\/www.radioamigavallenar.cl\/index.php?rest_route=%2Fwp%2Fv2%2Fmedia&parent=15392"}],"wp:term":[{"taxonomy":"category","embeddable":true,"href":"https:\/\/www.radioamigavallenar.cl\/index.php?rest_route=%2Fwp%2Fv2%2Fcategories&post=15392"},{"taxonomy":"post_tag","embeddable":true,"href":"https:\/\/www.radioamigavallenar.cl\/index.php?rest_route=%2Fwp%2Fv2%2Ftags&post=15392"}],"curies":[{"name":"wp","href":"https:\/\/api.w.org\/{rel}","templated":true}]}}