{"id":15389,"date":"2019-08-10T01:34:04","date_gmt":"2019-08-10T05:34:04","guid":{"rendered":"https:\/\/www.radioamigavallenar.cl\/?p=15389"},"modified":"2019-08-10T01:34:05","modified_gmt":"2019-08-10T05:34:05","slug":"diputada-sofia-cid-valora-aprobacion-de-proyecto-para-regular-el-uso-de-hidrogeno-como-energia-limpia","status":"publish","type":"post","link":"https:\/\/www.radioamigavallenar.cl\/?p=15389","title":{"rendered":"Diputada Sof\u00eda Cid valora aprobaci\u00f3n de proyecto para regular el uso de hidr\u00f3geno como energ\u00eda limpia."},"content":{"rendered":"\n<div class=\"wp-block-image\"><figure class=\"aligncenter is-resized\"><img loading=\"lazy\" decoding=\"async\" src=\"https:\/\/www.radioamigavallenar.cl\/wp-content\/uploads\/2019\/08\/Sofia-Cid-800x533.jpeg\" alt=\"\" class=\"wp-image-15390\" width=\"569\" height=\"379\" srcset=\"https:\/\/www.radioamigavallenar.cl\/wp-content\/uploads\/2019\/08\/Sofia-Cid-800x533.jpeg 800w, https:\/\/www.radioamigavallenar.cl\/wp-content\/uploads\/2019\/08\/Sofia-Cid-800x533-300x200.jpeg 300w, https:\/\/www.radioamigavallenar.cl\/wp-content\/uploads\/2019\/08\/Sofia-Cid-800x533-768x512.jpeg 768w\" sizes=\"auto, (max-width: 569px) 100vw, 569px\" \/><\/figure><\/div>\n\n\n\n<p>La diputada de Renovaci\u00f3n Nacional, Sof\u00eda Cid Versalovic valor\u00f3 la aprobaci\u00f3n del proyecto de su autor\u00eda que busca regular el uso del hidr\u00f3geno como fuente de energ\u00eda renovable no convencional.<\/p>\n\n\n\n<p>Seg\u00fan explic\u00f3 la parlamentaria,\u00a0\u00a0la iniciativa pide al Ejecutivo a trav\u00e9s del Ministerio de Energ\u00eda realizar estudios para crear un marco regulatorio b\u00e1sico, en la l\u00ednea de la \u201cRuta Energ\u00e9tica 2018-2022\u201d que est\u00e1 orientada a potenciar las energ\u00edas de bajas emisiones, apuntando espec\u00edficamente hacia la electromovilidad.<\/p>\n\n\n\n<p>En este sentido, Sof\u00eda Cid destac\u00f3 el aporte de la Regi\u00f3n de Atacama como l\u00edder en&nbsp;&nbsp;la generaci\u00f3n de energ\u00edas renovables no convencionales (ERNC) y todo indica que de aqu\u00ed al 2025 este liderazgo se mantendr\u00e1, ya que se espera que el 20% de la energ\u00eda provenga de fuentes limpias y renovables.<\/p>\n\n\n\n<p>La diputada destac\u00f3 que existen varios m\u00e9todos que: \u201cen el futuro podr\u00edan aumentar los posibles usos de la energ\u00eda solar en la generaci\u00f3n de hidr\u00f3geno, espec\u00edficamente hidr\u00f3geno limpio o hidr\u00f3geno verde, pero se hace muy necesario poder regular este escenario de manera clara ahora\u201d, asegur\u00f3.<\/p>\n\n\n\n<p>Finalmente, la parlamentaria destac\u00f3 la necesidad de avanzar en el plano regulatorio para que se invierta en esta nueva forma de generaci\u00f3n de energ\u00eda.-<\/p>\n\n\n\n<p>\u201cChile cuenta con regulaciones para el manejo de gases industriales, pero no cuenta con un marco normativo espec\u00edfico para el hidr\u00f3geno, siendo ah\u00ed donde queremos aportar; queremos tener reglas claras y espec\u00edficas, para que no se generen vac\u00edos legales que posteriormente dificulten el desarrollo en esta \u00e1rea\u201d dijo la Diputada Sof\u00eda Cid.<\/p>\n\n\n\n<h3 class=\"wp-block-heading\"><strong>Antecedentes<\/strong><\/h3>\n\n\n\n<p>Como da cuenta la iniciativa, al igual que la electricidad, el hidr\u00f3geno puede ser quemado en un motor a combusti\u00f3n en forma individual o como mezcla con combustible convencional, o en una celda de combustible para generar electricidad o como reactante para crear otros combustibles sint\u00e9ticos, entre algunos de sus usos.<\/p>\n\n\n\n<p>La Diputada aclar\u00f3 que \u201ceste elemento no se encuentra en su estado puro en la naturaleza, por lo que no puede ser considerado como una fuente de energ\u00eda primaria, es m\u00e1s bien un portador o vector energ\u00e9tico, que tiene la gran ventaja de ser altamente almacenable, siendo esta caracter\u00edstica muy positiva\u201d, mencion\u00f3 Cid.<\/p>\n\n\n\n<p>Los pa\u00edses con mayor desarrollo de proyectos de hidr\u00f3geno son Jap\u00f3n, Alemania, EE.UU. y China, a lo que se debe sumar que Universidades y otros privados ya se encuentran realizando investigaci\u00f3n sobre sistemas y m\u00e9todos de producci\u00f3n de hidr\u00f3geno, optimizaci\u00f3n de procesos y almacenamiento.<\/p>\n","protected":false},"excerpt":{"rendered":"<p>La diputada de Renovaci\u00f3n Nacional, Sof\u00eda Cid Versalovic valor\u00f3 la aprobaci\u00f3n del proyecto de su autor\u00eda que busca regular el uso del hidr\u00f3geno como fuente&hellip; <\/p>\n","protected":false},"author":2,"featured_media":15390,"comment_status":"open","ping_status":"closed","sticky":false,"template":"","format":"standard","meta":{"footnotes":""},"categories":[7],"tags":[],"class_list":["post-15389","post","type-post","status-publish","format-standard","has-post-thumbnail","hentry","category-atacama"],"_links":{"self":[{"href":"https:\/\/www.radioamigavallenar.cl\/index.php?rest_route=\/wp\/v2\/posts\/15389","targetHints":{"allow":["GET"]}}],"collection":[{"href":"https:\/\/www.radioamigavallenar.cl\/index.php?rest_route=\/wp\/v2\/posts"}],"about":[{"href":"https:\/\/www.radioamigavallenar.cl\/index.php?rest_route=\/wp\/v2\/types\/post"}],"author":[{"embeddable":true,"href":"https:\/\/www.radioamigavallenar.cl\/index.php?rest_route=\/wp\/v2\/users\/2"}],"replies":[{"embeddable":true,"href":"https:\/\/www.radioamigavallenar.cl\/index.php?rest_route=%2Fwp%2Fv2%2Fcomments&post=15389"}],"version-history":[{"count":0,"href":"https:\/\/www.radioamigavallenar.cl\/index.php?rest_route=\/wp\/v2\/posts\/15389\/revisions"}],"wp:featuredmedia":[{"embeddable":true,"href":"https:\/\/www.radioamigavallenar.cl\/index.php?rest_route=\/wp\/v2\/media\/15390"}],"wp:attachment":[{"href":"https:\/\/www.radioamigavallenar.cl\/index.php?rest_route=%2Fwp%2Fv2%2Fmedia&parent=15389"}],"wp:term":[{"taxonomy":"category","embeddable":true,"href":"https:\/\/www.radioamigavallenar.cl\/index.php?rest_route=%2Fwp%2Fv2%2Fcategories&post=15389"},{"taxonomy":"post_tag","embeddable":true,"href":"https:\/\/www.radioamigavallenar.cl\/index.php?rest_route=%2Fwp%2Fv2%2Ftags&post=15389"}],"curies":[{"name":"wp","href":"https:\/\/api.w.org\/{rel}","templated":true}]}}