{"id":15381,"date":"2019-08-10T01:30:09","date_gmt":"2019-08-10T05:30:09","guid":{"rendered":"https:\/\/www.radioamigavallenar.cl\/?p=15381"},"modified":"2019-08-10T01:30:42","modified_gmt":"2019-08-10T05:30:42","slug":"senadis-e-integra-dan-inicio-a-programa-para-la-inclusion-educativa","status":"publish","type":"post","link":"https:\/\/www.radioamigavallenar.cl\/?p=15381","title":{"rendered":"Senadis e Integra dan inicio a programa para la inclusi\u00f3n educativa en Atacama."},"content":{"rendered":"\n<ul class=\"wp-block-gallery columns-3 is-cropped wp-block-gallery-1 is-layout-flex wp-block-gallery-is-layout-flex\"><li class=\"blocks-gallery-item\"><figure><img loading=\"lazy\" decoding=\"async\" width=\"1024\" height=\"682\" src=\"https:\/\/www.radioamigavallenar.cl\/wp-content\/uploads\/2019\/08\/IMG_9500-1024x682.jpg\" alt=\"\" data-id=\"15382\" data-link=\"https:\/\/www.radioamigavallenar.cl\/?attachment_id=15382\" class=\"wp-image-15382\" srcset=\"https:\/\/www.radioamigavallenar.cl\/wp-content\/uploads\/2019\/08\/IMG_9500-1024x682.jpg 1024w, https:\/\/www.radioamigavallenar.cl\/wp-content\/uploads\/2019\/08\/IMG_9500-300x200.jpg 300w, https:\/\/www.radioamigavallenar.cl\/wp-content\/uploads\/2019\/08\/IMG_9500-768x511.jpg 768w\" sizes=\"auto, (max-width: 1024px) 100vw, 1024px\" \/><\/figure><\/li><li class=\"blocks-gallery-item\"><figure><img loading=\"lazy\" decoding=\"async\" width=\"1024\" height=\"682\" src=\"https:\/\/www.radioamigavallenar.cl\/wp-content\/uploads\/2019\/08\/IMG_9544-1024x682.jpg\" alt=\"\" data-id=\"15383\" data-link=\"https:\/\/www.radioamigavallenar.cl\/?attachment_id=15383\" class=\"wp-image-15383\" srcset=\"https:\/\/www.radioamigavallenar.cl\/wp-content\/uploads\/2019\/08\/IMG_9544-1024x682.jpg 1024w, https:\/\/www.radioamigavallenar.cl\/wp-content\/uploads\/2019\/08\/IMG_9544-300x200.jpg 300w, https:\/\/www.radioamigavallenar.cl\/wp-content\/uploads\/2019\/08\/IMG_9544-768x511.jpg 768w\" sizes=\"auto, (max-width: 1024px) 100vw, 1024px\" \/><\/figure><\/li><li class=\"blocks-gallery-item\"><figure><img loading=\"lazy\" decoding=\"async\" width=\"1024\" height=\"682\" src=\"https:\/\/www.radioamigavallenar.cl\/wp-content\/uploads\/2019\/08\/IMG_9569-1024x682.jpg\" alt=\"\" data-id=\"15384\" data-link=\"https:\/\/www.radioamigavallenar.cl\/?attachment_id=15384\" class=\"wp-image-15384\" srcset=\"https:\/\/www.radioamigavallenar.cl\/wp-content\/uploads\/2019\/08\/IMG_9569-1024x682.jpg 1024w, https:\/\/www.radioamigavallenar.cl\/wp-content\/uploads\/2019\/08\/IMG_9569-300x200.jpg 300w, https:\/\/www.radioamigavallenar.cl\/wp-content\/uploads\/2019\/08\/IMG_9569-768x511.jpg 768w\" sizes=\"auto, (max-width: 1024px) 100vw, 1024px\" \/><\/figure><\/li><li class=\"blocks-gallery-item\"><figure><img loading=\"lazy\" decoding=\"async\" width=\"1024\" height=\"682\" src=\"https:\/\/www.radioamigavallenar.cl\/wp-content\/uploads\/2019\/08\/IMG_9578-1024x682.jpg\" alt=\"\" data-id=\"15385\" data-link=\"https:\/\/www.radioamigavallenar.cl\/?attachment_id=15385\" class=\"wp-image-15385\" srcset=\"https:\/\/www.radioamigavallenar.cl\/wp-content\/uploads\/2019\/08\/IMG_9578-1024x682.jpg 1024w, https:\/\/www.radioamigavallenar.cl\/wp-content\/uploads\/2019\/08\/IMG_9578-300x200.jpg 300w, https:\/\/www.radioamigavallenar.cl\/wp-content\/uploads\/2019\/08\/IMG_9578-768x511.jpg 768w\" sizes=\"auto, (max-width: 1024px) 100vw, 1024px\" \/><\/figure><\/li><li class=\"blocks-gallery-item\"><figure><img loading=\"lazy\" decoding=\"async\" width=\"1024\" height=\"682\" src=\"https:\/\/www.radioamigavallenar.cl\/wp-content\/uploads\/2019\/08\/IMG_9596-1024x682.jpg\" alt=\"\" data-id=\"15386\" data-link=\"https:\/\/www.radioamigavallenar.cl\/?attachment_id=15386\" class=\"wp-image-15386\" srcset=\"https:\/\/www.radioamigavallenar.cl\/wp-content\/uploads\/2019\/08\/IMG_9596-1024x682.jpg 1024w, https:\/\/www.radioamigavallenar.cl\/wp-content\/uploads\/2019\/08\/IMG_9596-300x200.jpg 300w, https:\/\/www.radioamigavallenar.cl\/wp-content\/uploads\/2019\/08\/IMG_9596-768x511.jpg 768w\" sizes=\"auto, (max-width: 1024px) 100vw, 1024px\" \/><\/figure><\/li><\/ul>\n\n\n\n<p>La iniciativa beneficia a 18 p\u00e1rvulos en situaci\u00f3n de discapacidad o rezago del desarrollo en 5 jardines infantiles y salas cuna de Copiap\u00f3, Vallenar y El Salvador. <\/p>\n\n\n\n<p>En una fiesta ciudadana con m\u00fasica, baile y juegos en el jard\u00edn infantil Las Abejitas en la capital regional, el Servicio Nacional de la Discapacidad (Senadis) y Fundaci\u00f3n Integra realizaron el lanzamiento del Programa de Atenci\u00f3n Temprana (PAT) en su versi\u00f3n 2019 en la Regi\u00f3n de Atacama. Este tiene por finalidad brindar apoyo y acompa\u00f1amiento a ni\u00f1os y ni\u00f1as con Necesidades Educativas Especiales (NEE), sus familias, y equipos de aula.<\/p>\n\n\n\n<p>En el programa que se lleva a cabo desde el 2013, a trav\u00e9s de un convenio establecido por las instituciones, \u2013financiado por Senadis y ejecutado por Fundaci\u00f3n Integra- se desempe\u00f1an una dupla de profesionales de los \u00e1mbitos de la salud y educaci\u00f3n, para contribuir a la inclusi\u00f3n educativa en jardines infantiles y salas cuna. Durante este a\u00f1o, la alianza beneficia a 18 p\u00e1rvulos de manera directa y a 316 de manera indirecta en los establecimientos Copayapito, Las Campanitas, Las Abejitas, Rafaelito y Remanso.<\/p>\n\n\n\n<p>Respecto a la trascendencia de poner el \u00e9nfasis en la inclusi\u00f3n desde la primera infancia, Patricia Espinoza, directora regional de Fundaci\u00f3n Integra, explic\u00f3 que \u201ces muy importante ampliar nuestra mirada, para reconocernos y valorarnos desde la diversidad, para contar con una sociedad m\u00e1s tolerante y respetuosa donde el foco siempre est\u00e1 en los ni\u00f1os y las ni\u00f1as\u201d.<\/p>\n\n\n\n<p>Por su parte, Andrea Parra, directora regional de Senadis coment\u00f3 \u201ces fundamental que la inclusi\u00f3n social se desarrolle d\u00eda a d\u00eda, en particular desde la infancia, porque es algo que debemos trabajar de manera constante hasta que sea algo cotidiano\u201d. Adem\u00e1s, la autoridad destac\u00f3 que \u201cdisponer de esta alianza estrat\u00e9gica con Integra permite la incorporaci\u00f3n de una dupla profesional, que suma y complementa la labor de los equipos de los jardines, promoviendo la inclusi\u00f3n y entregando herramientas, con una finalidad a largo plazo\u201d.<\/p>\n\n\n\n<p>Cabe se\u00f1alar que en la oportunidad se cont\u00f3 con la colaboraci\u00f3n de distintas entidades y los padres y apoderados del jard\u00edn infantil Las Abejitas para la realizaci\u00f3n de la actividad. De esta manera, estuvieron presentes la Municipalidad de Copiap\u00f3 a trav\u00e9s de su Departamento de la Discapacidad, la Sexta Compa\u00f1\u00eda de Bomberos, Agrupaci\u00f3n de Familiares y Amigos de Ciegos (AFACI) y Telet\u00f3n. Asimismo, en la jornada la dupla de profesionales de Senadis e Integra llev\u00f3 a cabo la iniciativa \u201cPonte en mi lugar\u201d que, a trav\u00e9s de experiencias sensoriales y psicomotoras, busca crear consciencia sobre la discapacidad.<\/p>\n\n\n\n<p>Rub\u00e9n Soto, director de Instituto Telet\u00f3n Atacama, indic\u00f3 en el contexto que \u201cla inclusi\u00f3n y la diversidad son conceptos que debiesen estar interiorizado en todos nosotros, para tener una sociedad m\u00e1s justa, equitativa y m\u00e1s unida. Hoy la inclusi\u00f3n debe ser un valor, donde las distintas instituciones, organizaciones y empresas debemos trabajar de manera conjunta y articulada en pos de este objetivo\u201d.<\/p>\n","protected":false},"excerpt":{"rendered":"<p>La iniciativa beneficia a 18 p\u00e1rvulos en situaci\u00f3n de discapacidad o rezago del desarrollo en 5 jardines infantiles y salas cuna de Copiap\u00f3, Vallenar y&hellip; <\/p>\n","protected":false},"author":2,"featured_media":15385,"comment_status":"open","ping_status":"closed","sticky":false,"template":"","format":"standard","meta":{"footnotes":""},"categories":[7,1],"tags":[],"class_list":["post-15381","post","type-post","status-publish","format-standard","has-post-thumbnail","hentry","category-atacama","category-provincia-del-huasco-2"],"_links":{"self":[{"href":"https:\/\/www.radioamigavallenar.cl\/index.php?rest_route=\/wp\/v2\/posts\/15381","targetHints":{"allow":["GET"]}}],"collection":[{"href":"https:\/\/www.radioamigavallenar.cl\/index.php?rest_route=\/wp\/v2\/posts"}],"about":[{"href":"https:\/\/www.radioamigavallenar.cl\/index.php?rest_route=\/wp\/v2\/types\/post"}],"author":[{"embeddable":true,"href":"https:\/\/www.radioamigavallenar.cl\/index.php?rest_route=\/wp\/v2\/users\/2"}],"replies":[{"embeddable":true,"href":"https:\/\/www.radioamigavallenar.cl\/index.php?rest_route=%2Fwp%2Fv2%2Fcomments&post=15381"}],"version-history":[{"count":0,"href":"https:\/\/www.radioamigavallenar.cl\/index.php?rest_route=\/wp\/v2\/posts\/15381\/revisions"}],"wp:featuredmedia":[{"embeddable":true,"href":"https:\/\/www.radioamigavallenar.cl\/index.php?rest_route=\/wp\/v2\/media\/15385"}],"wp:attachment":[{"href":"https:\/\/www.radioamigavallenar.cl\/index.php?rest_route=%2Fwp%2Fv2%2Fmedia&parent=15381"}],"wp:term":[{"taxonomy":"category","embeddable":true,"href":"https:\/\/www.radioamigavallenar.cl\/index.php?rest_route=%2Fwp%2Fv2%2Fcategories&post=15381"},{"taxonomy":"post_tag","embeddable":true,"href":"https:\/\/www.radioamigavallenar.cl\/index.php?rest_route=%2Fwp%2Fv2%2Ftags&post=15381"}],"curies":[{"name":"wp","href":"https:\/\/api.w.org\/{rel}","templated":true}]}}