{"id":15372,"date":"2019-08-10T01:22:54","date_gmt":"2019-08-10T05:22:54","guid":{"rendered":"https:\/\/www.radioamigavallenar.cl\/?p=15372"},"modified":"2019-08-10T01:22:56","modified_gmt":"2019-08-10T05:22:56","slug":"gobierno-regional-entrega-mas-de-250-millones-a-organizaciones-sociales-de-la-provincia-de-chanaral","status":"publish","type":"post","link":"https:\/\/www.radioamigavallenar.cl\/?p=15372","title":{"rendered":"Gobierno Regional entrega m\u00e1s de $250 millones a organizaciones sociales de la Provincia de Cha\u00f1aral."},"content":{"rendered":"\n<ul class=\"wp-block-gallery columns-2 is-cropped wp-block-gallery-1 is-layout-flex wp-block-gallery-is-layout-flex\"><li class=\"blocks-gallery-item\"><figure><img loading=\"lazy\" decoding=\"async\" width=\"1024\" height=\"683\" src=\"https:\/\/www.radioamigavallenar.cl\/wp-content\/uploads\/2019\/08\/Entrega-Fondos-FNDR-Cha\u00f1aral-2-1024x683.jpg\" alt=\"\" data-id=\"15374\" data-link=\"https:\/\/www.radioamigavallenar.cl\/?attachment_id=15374\" class=\"wp-image-15374\" srcset=\"https:\/\/www.radioamigavallenar.cl\/wp-content\/uploads\/2019\/08\/Entrega-Fondos-FNDR-Cha\u00f1aral-2-1024x683.jpg 1024w, https:\/\/www.radioamigavallenar.cl\/wp-content\/uploads\/2019\/08\/Entrega-Fondos-FNDR-Cha\u00f1aral-2-300x200.jpg 300w, https:\/\/www.radioamigavallenar.cl\/wp-content\/uploads\/2019\/08\/Entrega-Fondos-FNDR-Cha\u00f1aral-2-768x512.jpg 768w\" sizes=\"auto, (max-width: 1024px) 100vw, 1024px\" \/><\/figure><\/li><li class=\"blocks-gallery-item\"><figure><img decoding=\"async\" src=\"https:\/\/www.radioamigavallenar.cl\/wp-content\/uploads\/2019\/08\/Entrega-Fondos-FNDR-Cha\u00f1aral-3-2-1024x683.jpg\" alt=\"\" data-id=\"15378\" data-link=\"https:\/\/www.radioamigavallenar.cl\/?attachment_id=15378\" class=\"wp-image-15378\"\/><\/figure><\/li><li class=\"blocks-gallery-item\"><figure><img decoding=\"async\" src=\"https:\/\/www.radioamigavallenar.cl\/wp-content\/uploads\/2019\/08\/Entrega-Fondos-FNDR-Cha\u00f1aral-1-2-1024x683.jpg\" alt=\"\" data-id=\"15379\" data-link=\"https:\/\/www.radioamigavallenar.cl\/?attachment_id=15379\" class=\"wp-image-15379\"\/><\/figure><\/li><\/ul>\n\n\n\n<ul class=\"wp-block-list\"><li>43 organizaciones fueron beneficiadas en una ceremonia realizada en la plaza Manuel Antonio Matta que cont\u00f3 con la presencia del Intendente, Patricio Urquieta, el alcalde de Cha\u00f1aral, Ra\u00fal Salas Aguilera, el Gobernador, Ignacio Urcull\u00fa y consejeros regionales.<\/li><\/ul>\n\n\n\n<p>En la plaza Manuel Antonio Matta se\nllev\u00f3 a cabo la ceremonia de transferencia de recursos a entidades privadas sin\nfines de lucro de la Provincia de Cha\u00f1aral, los cuales corresponden al 6% del\nFondo Nacional de Desarrollo Regional (FNDR).<\/p>\n\n\n\n<p>La actividad cont\u00f3 con la presencia\ndel Intendente Regional, Patricio Urquieta, el Gobernador Provincial, Ignacio\nUrcull\u00fa, el Alcalde Ra\u00fal Salas, los consejeros regionales H\u00e9ctor Volta y Mario\nAraya, adem\u00e1s de autoridades civiles y uniformadas. Un total de 43\ninstituciones y entidades de la provincia fueron beneficiadas por las cuatro\nglosas existentes: Deporte, Cultura, Seguridad Ciudadana y de Car\u00e1cter Social,\nPrevenci\u00f3n de Drogas y Medioambiente.<\/p>\n\n\n\n<p>El Intendente Urquieta enfatiz\u00f3 que \u201cpor\nmandato del Presidente Pi\u00f1era y tambi\u00e9n con apoyo del Consejo Regional, estamos\nentregando estos recursos con el genuino inter\u00e9s de poder fortalecer a estas\norganizaciones sociales que forman parte de la sociedad civil, queremos\nentregarles m\u00e1s herramientas para que puedan cumplir sus fines en materia\ndeportiva, de seguridad ciudadana, en medio ambiente, cultura, prevenci\u00f3n de\nconsumo de drogas, y en todas aquellas actividades que aportan a que los\nvecinos puedan tener una mejor calidad de vida\u201d agregando que \u201cel esp\u00edritu de\nnuestro Gobierno es brindarles mayores oportunidades de progreso y de bienestar\na las familias que forman parte de estas organizaciones\u201d.<\/p>\n\n\n\n<p>Por su parte, el alcalde Ra\u00fal Salas\ndestac\u00f3 que \u201cestamos content\u00edsimos por esta oportunidad que nos entrega el\nGobierno Regional y central de que las organizaciones de nuestra provincia\nreciban financiamiento para poder cumplir sus metas y objetivos en el corto\nplazo. Estamos muy agradecidos, y convencidos de que esta es la manera en que\nlas comunas avancen\u201d.<\/p>\n\n\n\n<p>En tanto, H\u00e9ctor Volta, en\nrepresentaci\u00f3n del Consejo Regional dijo que \u201cqueremos seguir trabajando y\napoyar fuertemente este tipo de proyectos con los que entregamos a los vecinos\nfondos para que sus organizaciones puedan salir adelante\u201d.<\/p>\n\n\n\n<p>Doris \u00c1lvarez es Presidenta de la\nJunta de Vecinos n\u00famero 13 y su organizaci\u00f3n fue beneficiada con estos fondos\nregionales \u201cpara m\u00ed es un placer estar aqu\u00ed y haber recibido este cheque que es\npara tener una mayor protecci\u00f3n y seguridad de los vecinos\u201d.<\/p>\n","protected":false},"excerpt":{"rendered":"<p>43 organizaciones fueron beneficiadas en una ceremonia realizada en la plaza Manuel Antonio Matta que cont\u00f3 con la presencia del Intendente, Patricio Urquieta, el alcalde&hellip; <\/p>\n","protected":false},"author":2,"featured_media":0,"comment_status":"open","ping_status":"closed","sticky":false,"template":"","format":"standard","meta":{"footnotes":""},"categories":[7],"tags":[],"class_list":["post-15372","post","type-post","status-publish","format-standard","hentry","category-atacama"],"_links":{"self":[{"href":"https:\/\/www.radioamigavallenar.cl\/index.php?rest_route=\/wp\/v2\/posts\/15372","targetHints":{"allow":["GET"]}}],"collection":[{"href":"https:\/\/www.radioamigavallenar.cl\/index.php?rest_route=\/wp\/v2\/posts"}],"about":[{"href":"https:\/\/www.radioamigavallenar.cl\/index.php?rest_route=\/wp\/v2\/types\/post"}],"author":[{"embeddable":true,"href":"https:\/\/www.radioamigavallenar.cl\/index.php?rest_route=\/wp\/v2\/users\/2"}],"replies":[{"embeddable":true,"href":"https:\/\/www.radioamigavallenar.cl\/index.php?rest_route=%2Fwp%2Fv2%2Fcomments&post=15372"}],"version-history":[{"count":0,"href":"https:\/\/www.radioamigavallenar.cl\/index.php?rest_route=\/wp\/v2\/posts\/15372\/revisions"}],"wp:attachment":[{"href":"https:\/\/www.radioamigavallenar.cl\/index.php?rest_route=%2Fwp%2Fv2%2Fmedia&parent=15372"}],"wp:term":[{"taxonomy":"category","embeddable":true,"href":"https:\/\/www.radioamigavallenar.cl\/index.php?rest_route=%2Fwp%2Fv2%2Fcategories&post=15372"},{"taxonomy":"post_tag","embeddable":true,"href":"https:\/\/www.radioamigavallenar.cl\/index.php?rest_route=%2Fwp%2Fv2%2Ftags&post=15372"}],"curies":[{"name":"wp","href":"https:\/\/api.w.org\/{rel}","templated":true}]}}