{"id":15368,"date":"2019-08-10T01:12:54","date_gmt":"2019-08-10T05:12:54","guid":{"rendered":"https:\/\/www.radioamigavallenar.cl\/?p=15368"},"modified":"2019-08-10T01:12:56","modified_gmt":"2019-08-10T05:12:56","slug":"pdi-esclarece-delito-de-secuestro-en-atacama","status":"publish","type":"post","link":"https:\/\/www.radioamigavallenar.cl\/?p=15368","title":{"rendered":"PDI esclarece delito de secuestro en Atacama"},"content":{"rendered":"\n<ul class=\"wp-block-gallery columns-2 is-cropped wp-block-gallery-1 is-layout-flex wp-block-gallery-is-layout-flex\"><li class=\"blocks-gallery-item\"><figure><img loading=\"lazy\" decoding=\"async\" width=\"1024\" height=\"579\" src=\"https:\/\/www.radioamigavallenar.cl\/wp-content\/uploads\/2019\/08\/WhatsApp-Image-2019-08-09-at-13.14.58-1024x579.jpeg\" alt=\"\" data-id=\"15369\" data-link=\"https:\/\/www.radioamigavallenar.cl\/?attachment_id=15369\" class=\"wp-image-15369\" srcset=\"https:\/\/www.radioamigavallenar.cl\/wp-content\/uploads\/2019\/08\/WhatsApp-Image-2019-08-09-at-13.14.58-1024x579.jpeg 1024w, https:\/\/www.radioamigavallenar.cl\/wp-content\/uploads\/2019\/08\/WhatsApp-Image-2019-08-09-at-13.14.58-300x170.jpeg 300w, https:\/\/www.radioamigavallenar.cl\/wp-content\/uploads\/2019\/08\/WhatsApp-Image-2019-08-09-at-13.14.58-768x435.jpeg 768w, https:\/\/www.radioamigavallenar.cl\/wp-content\/uploads\/2019\/08\/WhatsApp-Image-2019-08-09-at-13.14.58.jpeg 1163w\" sizes=\"auto, (max-width: 1024px) 100vw, 1024px\" \/><\/figure><\/li><li class=\"blocks-gallery-item\"><figure><img loading=\"lazy\" decoding=\"async\" width=\"1024\" height=\"571\" src=\"https:\/\/www.radioamigavallenar.cl\/wp-content\/uploads\/2019\/08\/WhatsApp-Image-2019-08-09-at-13.14.59-1024x571.jpeg\" alt=\"\" data-id=\"15370\" data-link=\"https:\/\/www.radioamigavallenar.cl\/?attachment_id=15370\" class=\"wp-image-15370\" srcset=\"https:\/\/www.radioamigavallenar.cl\/wp-content\/uploads\/2019\/08\/WhatsApp-Image-2019-08-09-at-13.14.59-1024x571.jpeg 1024w, https:\/\/www.radioamigavallenar.cl\/wp-content\/uploads\/2019\/08\/WhatsApp-Image-2019-08-09-at-13.14.59-300x167.jpeg 300w, https:\/\/www.radioamigavallenar.cl\/wp-content\/uploads\/2019\/08\/WhatsApp-Image-2019-08-09-at-13.14.59-768x428.jpeg 768w, https:\/\/www.radioamigavallenar.cl\/wp-content\/uploads\/2019\/08\/WhatsApp-Image-2019-08-09-at-13.14.59.jpeg 1225w\" sizes=\"auto, (max-width: 1024px) 100vw, 1024px\" \/><\/figure><\/li><\/ul>\n\n\n\n<p>Detectives de la Brigada Investigadora de Delitos Sexuales (BRISEX) de la PDI de Atacama esclarecieron el delito de Secuestro denunciado por la pareja del imputado.<\/p>\n\n\n\n<p>Luego de un llamado del fiscal en el cual solicita que esta brigada especializada realice diligencias investigativas atingentes a un procedimiento policial que inicia Carabineros de Chile con relaci\u00f3n con un maltrato habitual, los detectives comienzan un proceso investigativo que lleve a acreditar los hechos acontecidos.<\/p>\n\n\n\n<p>En ese sentido el Jefe de la Brisex, subprefecto Guillermo Namor se\u00f1al\u00f3 \u201clos detectives comienzan la investigaci\u00f3n para establecer el delito o determinar la existencia de otro suceso delictivo y en el desarrollo de las investigaciones primeramente tomando declaraci\u00f3n a la denunciante de estos hechos, posteriormente a la v\u00edctima y a los funcionarios policiales que adoptaron el procedimiento en el lugar, as\u00ed como tambi\u00e9n a testigos, revisi\u00f3n de c\u00e1maras de seguridad y ex\u00e1menes m\u00e9dicos logramos posicionar, en conjunto con el fiscal a cargo de la investigaci\u00f3n, que la figura delictual que hab\u00eda acontecido en este suceso criminal dice relaci\u00f3n con el delito de secuestro de una mujer de 21 a\u00f1os. La v\u00edctima estuvo retenida en el domicilio del imputado por al menos una semana sin acceso a ning\u00fan tipo de comunicaci\u00f3n, ni servicios b\u00e1sicos, tampoco a salir de la propiedad, si no era acompa\u00f1ada por el imputado. Estas personas manten\u00edan una relaci\u00f3n sentimental desde hace un tiempo a la fecha, no obstante, en el \u00faltimo tiempo el imputado hab\u00eda agredido permanentemente a la afectada. La mujer consigue un tel\u00e9fono y contacta a su madre quien a su vez da aviso a la autoridad policial quien constata la efectividad del hecho\u201d.<\/p>\n\n\n\n<p>Dentro del proceso investigativo, la v\u00edctima reporta una conducta, que es materia de la investigaci\u00f3n, pero que dice relaci\u00f3n con conductas sexuales no consentidas y que ser\u00edan anteriores al delito de la retenci\u00f3n indebida de la afectada. Conforme a lo que se est\u00e1 investigando hay una situaci\u00f3n de maltrato constante y es en esta figura que el sujeto le impide salir del inmueble, ni que tenga contacto con otra persona.<\/p>\n\n\n\n<p>El sujeto, quien no registra antecedentes policiales anteriores, fue puesto a disposici\u00f3n del Juzgado de Garant\u00eda de Copiapo, para el control de detenci\u00f3n correspondiente, la mujer qued\u00f3 bajo la protecci\u00f3n de la fiscal\u00eda<\/p>\n","protected":false},"excerpt":{"rendered":"<p>Detectives de la Brigada Investigadora de Delitos Sexuales (BRISEX) de la PDI de Atacama esclarecieron el delito de Secuestro denunciado por la pareja del imputado.&hellip; <\/p>\n","protected":false},"author":2,"featured_media":15370,"comment_status":"open","ping_status":"closed","sticky":false,"template":"","format":"standard","meta":{"footnotes":""},"categories":[7,6],"tags":[],"class_list":["post-15368","post","type-post","status-publish","format-standard","has-post-thumbnail","hentry","category-atacama","category-policial"],"_links":{"self":[{"href":"https:\/\/www.radioamigavallenar.cl\/index.php?rest_route=\/wp\/v2\/posts\/15368","targetHints":{"allow":["GET"]}}],"collection":[{"href":"https:\/\/www.radioamigavallenar.cl\/index.php?rest_route=\/wp\/v2\/posts"}],"about":[{"href":"https:\/\/www.radioamigavallenar.cl\/index.php?rest_route=\/wp\/v2\/types\/post"}],"author":[{"embeddable":true,"href":"https:\/\/www.radioamigavallenar.cl\/index.php?rest_route=\/wp\/v2\/users\/2"}],"replies":[{"embeddable":true,"href":"https:\/\/www.radioamigavallenar.cl\/index.php?rest_route=%2Fwp%2Fv2%2Fcomments&post=15368"}],"version-history":[{"count":0,"href":"https:\/\/www.radioamigavallenar.cl\/index.php?rest_route=\/wp\/v2\/posts\/15368\/revisions"}],"wp:featuredmedia":[{"embeddable":true,"href":"https:\/\/www.radioamigavallenar.cl\/index.php?rest_route=\/wp\/v2\/media\/15370"}],"wp:attachment":[{"href":"https:\/\/www.radioamigavallenar.cl\/index.php?rest_route=%2Fwp%2Fv2%2Fmedia&parent=15368"}],"wp:term":[{"taxonomy":"category","embeddable":true,"href":"https:\/\/www.radioamigavallenar.cl\/index.php?rest_route=%2Fwp%2Fv2%2Fcategories&post=15368"},{"taxonomy":"post_tag","embeddable":true,"href":"https:\/\/www.radioamigavallenar.cl\/index.php?rest_route=%2Fwp%2Fv2%2Ftags&post=15368"}],"curies":[{"name":"wp","href":"https:\/\/api.w.org\/{rel}","templated":true}]}}