{"id":15361,"date":"2019-08-09T11:37:08","date_gmt":"2019-08-09T15:37:08","guid":{"rendered":"https:\/\/www.radioamigavallenar.cl\/?p=15361"},"modified":"2019-08-09T11:37:09","modified_gmt":"2019-08-09T15:37:09","slug":"pdi-detiene-a-sujeto-que-llevaba-mas-de-tres-anos-profugo","status":"publish","type":"post","link":"https:\/\/www.radioamigavallenar.cl\/?p=15361","title":{"rendered":"PDI detiene a sujeto que llevaba m\u00e0s de tres a\u00f1os pr\u00f2fugo."},"content":{"rendered":"\n<div class=\"wp-block-image\"><figure class=\"aligncenter is-resized\"><img loading=\"lazy\" decoding=\"async\" src=\"https:\/\/www.radioamigavallenar.cl\/wp-content\/uploads\/2019\/08\/WhatsApp-Image-2019-08-09-at-10.50.29-1024x768.jpeg\" alt=\"\" class=\"wp-image-15362\" width=\"548\" height=\"411\" srcset=\"https:\/\/www.radioamigavallenar.cl\/wp-content\/uploads\/2019\/08\/WhatsApp-Image-2019-08-09-at-10.50.29-1024x768.jpeg 1024w, https:\/\/www.radioamigavallenar.cl\/wp-content\/uploads\/2019\/08\/WhatsApp-Image-2019-08-09-at-10.50.29-300x225.jpeg 300w, https:\/\/www.radioamigavallenar.cl\/wp-content\/uploads\/2019\/08\/WhatsApp-Image-2019-08-09-at-10.50.29-768x576.jpeg 768w, https:\/\/www.radioamigavallenar.cl\/wp-content\/uploads\/2019\/08\/WhatsApp-Image-2019-08-09-at-10.50.29.jpeg 1280w\" sizes=\"auto, (max-width: 548px) 100vw, 548px\" \/><\/figure><\/div>\n\n\n\n<p>Detectives de la Brigada Investigadora de Robos (BIRO) de la PDI Atacama, detuvieron a sujeto chileno, de 44 a\u00f1os de edad por registrar una orden de aprehensi\u00f3n pendiente por el delito de Hurto Simple de 4 a 40 UTM.<\/p>\n\n\n\n<p>Oficiales investigadores de esta unidad especializada se abocaron a la captura de pr\u00f3fugos de la justicia, logrando dar con el paradero del detenido en el sector c\u00e9ntrico de la ciudad de Copiap\u00f3, quien registra esta orden de detenci\u00f3n emanada por el Juzgado de Garant\u00eda, por lo que deber\u00e1 cumplir 301 d\u00edas de prisi\u00f3n. El sujeto se encuentra adem\u00e1s en el Registro Nacional de Pr\u00f3fugos por un per\u00edodo de tres a\u00f1os, 9 meses y 15 d\u00edas en esa calidad.<\/p>\n\n\n\n<p>El sujeto, quien registra antecedentes policiales por los delitos de Hurto, Infracci\u00f3n a la Ley 18.443, Infracci\u00f3n a la Ley de Propiedad Intelectual y Lesiones Menos Graves, fue puesto esa ma\u00f1ana a disposici\u00f3n del Juzgado de Garant\u00eda.<\/p>\n","protected":false},"excerpt":{"rendered":"<p>Detectives de la Brigada Investigadora de Robos (BIRO) de la PDI Atacama, detuvieron a sujeto chileno, de 44 a\u00f1os de edad por registrar una orden&hellip; <\/p>\n","protected":false},"author":2,"featured_media":15362,"comment_status":"open","ping_status":"closed","sticky":false,"template":"","format":"standard","meta":{"footnotes":""},"categories":[6],"tags":[],"class_list":["post-15361","post","type-post","status-publish","format-standard","has-post-thumbnail","hentry","category-policial"],"_links":{"self":[{"href":"https:\/\/www.radioamigavallenar.cl\/index.php?rest_route=\/wp\/v2\/posts\/15361","targetHints":{"allow":["GET"]}}],"collection":[{"href":"https:\/\/www.radioamigavallenar.cl\/index.php?rest_route=\/wp\/v2\/posts"}],"about":[{"href":"https:\/\/www.radioamigavallenar.cl\/index.php?rest_route=\/wp\/v2\/types\/post"}],"author":[{"embeddable":true,"href":"https:\/\/www.radioamigavallenar.cl\/index.php?rest_route=\/wp\/v2\/users\/2"}],"replies":[{"embeddable":true,"href":"https:\/\/www.radioamigavallenar.cl\/index.php?rest_route=%2Fwp%2Fv2%2Fcomments&post=15361"}],"version-history":[{"count":0,"href":"https:\/\/www.radioamigavallenar.cl\/index.php?rest_route=\/wp\/v2\/posts\/15361\/revisions"}],"wp:featuredmedia":[{"embeddable":true,"href":"https:\/\/www.radioamigavallenar.cl\/index.php?rest_route=\/wp\/v2\/media\/15362"}],"wp:attachment":[{"href":"https:\/\/www.radioamigavallenar.cl\/index.php?rest_route=%2Fwp%2Fv2%2Fmedia&parent=15361"}],"wp:term":[{"taxonomy":"category","embeddable":true,"href":"https:\/\/www.radioamigavallenar.cl\/index.php?rest_route=%2Fwp%2Fv2%2Fcategories&post=15361"},{"taxonomy":"post_tag","embeddable":true,"href":"https:\/\/www.radioamigavallenar.cl\/index.php?rest_route=%2Fwp%2Fv2%2Ftags&post=15361"}],"curies":[{"name":"wp","href":"https:\/\/api.w.org\/{rel}","templated":true}]}}