{"id":15355,"date":"2019-08-09T11:32:39","date_gmt":"2019-08-09T15:32:39","guid":{"rendered":"https:\/\/www.radioamigavallenar.cl\/?p=15355"},"modified":"2019-08-09T11:32:40","modified_gmt":"2019-08-09T15:32:40","slug":"mesa-de-discapacidad-conmemoro-un-nuevo-ano-de-vida-en-atacama","status":"publish","type":"post","link":"https:\/\/www.radioamigavallenar.cl\/?p=15355","title":{"rendered":"Mesa de Discapacidad conmemor\u00f3 un nuevo a\u00f1o de vida en Atacama."},"content":{"rendered":"\n<ul class=\"wp-block-gallery columns-0 is-cropped wp-block-gallery-1 is-layout-flex wp-block-gallery-is-layout-flex\"><li class=\"blocks-gallery-item\"><figure><img loading=\"lazy\" decoding=\"async\" width=\"1024\" height=\"768\" src=\"https:\/\/www.radioamigavallenar.cl\/wp-content\/uploads\/2019\/08\/WhatsApp-Image-2019-08-08-at-12.41.05-1-1024x768.jpeg\" alt=\"\" data-id=\"15356\" data-link=\"https:\/\/www.radioamigavallenar.cl\/?attachment_id=15356\" class=\"wp-image-15356\" srcset=\"https:\/\/www.radioamigavallenar.cl\/wp-content\/uploads\/2019\/08\/WhatsApp-Image-2019-08-08-at-12.41.05-1-1024x768.jpeg 1024w, https:\/\/www.radioamigavallenar.cl\/wp-content\/uploads\/2019\/08\/WhatsApp-Image-2019-08-08-at-12.41.05-1-300x225.jpeg 300w, https:\/\/www.radioamigavallenar.cl\/wp-content\/uploads\/2019\/08\/WhatsApp-Image-2019-08-08-at-12.41.05-1-768x576.jpeg 768w, https:\/\/www.radioamigavallenar.cl\/wp-content\/uploads\/2019\/08\/WhatsApp-Image-2019-08-08-at-12.41.05-1.jpeg 1080w\" sizes=\"auto, (max-width: 1024px) 100vw, 1024px\" \/><\/figure><\/li><li class=\"blocks-gallery-item\"><figure><img loading=\"lazy\" decoding=\"async\" width=\"1024\" height=\"768\" src=\"https:\/\/www.radioamigavallenar.cl\/wp-content\/uploads\/2019\/08\/WhatsApp-Image-2019-08-08-at-12.41.05-1024x768.jpeg\" alt=\"\" data-id=\"15358\" data-link=\"https:\/\/www.radioamigavallenar.cl\/?attachment_id=15358\" class=\"wp-image-15358\" srcset=\"https:\/\/www.radioamigavallenar.cl\/wp-content\/uploads\/2019\/08\/WhatsApp-Image-2019-08-08-at-12.41.05-1024x768.jpeg 1024w, https:\/\/www.radioamigavallenar.cl\/wp-content\/uploads\/2019\/08\/WhatsApp-Image-2019-08-08-at-12.41.05-300x225.jpeg 300w, https:\/\/www.radioamigavallenar.cl\/wp-content\/uploads\/2019\/08\/WhatsApp-Image-2019-08-08-at-12.41.05-768x576.jpeg 768w, https:\/\/www.radioamigavallenar.cl\/wp-content\/uploads\/2019\/08\/WhatsApp-Image-2019-08-08-at-12.41.05.jpeg 1080w\" sizes=\"auto, (max-width: 1024px) 100vw, 1024px\" \/><\/figure><\/li><li class=\"blocks-gallery-item\"><figure><img loading=\"lazy\" decoding=\"async\" width=\"1024\" height=\"768\" src=\"https:\/\/www.radioamigavallenar.cl\/wp-content\/uploads\/2019\/08\/WhatsApp-Image-2019-08-08-at-12.41.05-2-1024x768.jpeg\" alt=\"\" data-id=\"15357\" data-link=\"https:\/\/www.radioamigavallenar.cl\/?attachment_id=15357\" class=\"wp-image-15357\" srcset=\"https:\/\/www.radioamigavallenar.cl\/wp-content\/uploads\/2019\/08\/WhatsApp-Image-2019-08-08-at-12.41.05-2-1024x768.jpeg 1024w, https:\/\/www.radioamigavallenar.cl\/wp-content\/uploads\/2019\/08\/WhatsApp-Image-2019-08-08-at-12.41.05-2-300x225.jpeg 300w, https:\/\/www.radioamigavallenar.cl\/wp-content\/uploads\/2019\/08\/WhatsApp-Image-2019-08-08-at-12.41.05-2-768x576.jpeg 768w, https:\/\/www.radioamigavallenar.cl\/wp-content\/uploads\/2019\/08\/WhatsApp-Image-2019-08-08-at-12.41.05-2.jpeg 1080w\" sizes=\"auto, (max-width: 1024px) 100vw, 1024px\" \/><\/figure><\/li><\/ul>\n\n\n\n<ul class=\"wp-block-list\"><li>Esta coordinaci\u00f3n regional,\nreconocida anualmente por la Sociedad de Fomento Fabril (SOFOFA), es la \u00fanica\nque existe a nivel nacional. <\/li><\/ul>\n\n\n\n<p>En\nuna concurrida y emocionante ceremonia, realizada en el tercer piso de la Asociaci\u00f3n\nChilena de Seguridad (ACHS) de Copiap\u00f3, la Coordinaci\u00f3n Regional de\nDiscapacidad conmemor\u00f3 21 a\u00f1os de vida al servicio de la comunidad. Y es que,\nal nacer el 3 de agosto de 1998, el trabajo con organizaciones de la sociedad\ncivil de discapacidad de las 9 comunas de la Regi\u00f3n de Atacama, servicios\np\u00fablicos y empresas privadas no ha quedado ajeno, siendo ellas mismas quienes concurrieron\na la actividad para felicitar y agradecer la forma de canalizar las inquietudes\nde las personas con discapacidad durante estas dos d\u00e9cadas. <\/p>\n\n\n\n<p>Asimismo,\ndurante la cita se hicieron presentes diferentes autoridades y servicios,\ndentro de los cuales particip\u00f3 el seremi de Desarrollo Social y Familia, Ra\u00fal\nMart\u00ednez Mu\u00f1oz, quien en su discurs\u00f3 de presentaci\u00f3n se\u00f1al\u00f3 que \u201cdebemos tener\nclaro que, el Presidente de la Rep\u00fablica nos ha dicho que hay que facilitar la\nentrega de herramientas para que todas las personas tengan la oportunidad de\ndesarrollarse libremente. Por ende, esta instancia es sumamente importante para\ndar a conocer lo que se est\u00e1 realizando y gestionando durante estos \u00faltimos\na\u00f1os en Atacama; as\u00ed tambi\u00e9n, lo que ejecuta nuestro servicio relacionado,\nSENADIS\u201d.<\/p>\n\n\n\n<figure class=\"wp-block-audio\"><audio controls src=\"https:\/\/www.radioamigavallenar.cl\/wp-content\/uploads\/2019\/08\/SEREMI-RAUL-MARTINEZ.mp3\"><\/audio><\/figure>\n\n\n\n<p>Es\nimportante se\u00f1alar que, la conmemoraci\u00f3n cont\u00f3 con una premiaci\u00f3n a las\norganizaciones de discapacidad, servicios p\u00fablicos, empresas privadas y\nprofesionales que han colaborado permanentemente en el trabajo de esta Mesa\nRegional.<\/p>\n\n\n\n<p>En este sentido, la coordinadora de la Mesa de Discapacidad, Rosa Quevedo, no quiso quedar ajena y mencion\u00f3 que \u201cen este trabajo en conjunto, durante estos 21 a\u00f1os, he visto como las organizaciones de y para discapacidad se han fortalecido y empoderado.\u00a0 Lo mismo ha sucedido con los Servicios P\u00fablicos. Hemos crecido juntos, hemos avanzado pero todav\u00eda nosfalta bastante por hacer.Estamos trabajando en Diagnostico participativo para realizar nuestras metas 2020 &#8211; 2023\u201d.<\/p>\n\n\n\n<p>As\u00ed\nen tanto, han pasado 21 a\u00f1os y esta mesa ha crecido, constituy\u00e9ndose en un\npilar importante para la operatividad de las pol\u00edticas p\u00fablicas que benefician\na las personas con discapacidad en la regi\u00f3n y en las comunas, trabajando\ncoordinada e intersectorialmente con las instituciones tanto p\u00fablicas como\nprivadas, lo que ha llego ser reconocida anualmente por\nla Sociedad de Fomento Fabril (SOFOFA), ya que es la \u00fanica Mesa de Discapacidad\na nivel pa\u00eds.<\/p>\n\n\n\n<p>Cabe\nse\u00f1alar que, esta Mesa Regional se re\u00fane mensualmente el segundo mi\u00e9rcoles de\ncada mes, en el tercer piso de la ACHS, la cual es presidida por su presidente don\nPatricio Urquieta Garc\u00eda, Intendente de Atacama.<\/p>\n","protected":false},"excerpt":{"rendered":"<p>Esta coordinaci\u00f3n regional, reconocida anualmente por la Sociedad de Fomento Fabril (SOFOFA), es la \u00fanica que existe a nivel nacional. En una concurrida y emocionante&hellip; <\/p>\n","protected":false},"author":2,"featured_media":15357,"comment_status":"open","ping_status":"closed","sticky":false,"template":"","format":"standard","meta":{"footnotes":""},"categories":[7],"tags":[],"class_list":["post-15355","post","type-post","status-publish","format-standard","has-post-thumbnail","hentry","category-atacama"],"_links":{"self":[{"href":"https:\/\/www.radioamigavallenar.cl\/index.php?rest_route=\/wp\/v2\/posts\/15355","targetHints":{"allow":["GET"]}}],"collection":[{"href":"https:\/\/www.radioamigavallenar.cl\/index.php?rest_route=\/wp\/v2\/posts"}],"about":[{"href":"https:\/\/www.radioamigavallenar.cl\/index.php?rest_route=\/wp\/v2\/types\/post"}],"author":[{"embeddable":true,"href":"https:\/\/www.radioamigavallenar.cl\/index.php?rest_route=\/wp\/v2\/users\/2"}],"replies":[{"embeddable":true,"href":"https:\/\/www.radioamigavallenar.cl\/index.php?rest_route=%2Fwp%2Fv2%2Fcomments&post=15355"}],"version-history":[{"count":0,"href":"https:\/\/www.radioamigavallenar.cl\/index.php?rest_route=\/wp\/v2\/posts\/15355\/revisions"}],"wp:featuredmedia":[{"embeddable":true,"href":"https:\/\/www.radioamigavallenar.cl\/index.php?rest_route=\/wp\/v2\/media\/15357"}],"wp:attachment":[{"href":"https:\/\/www.radioamigavallenar.cl\/index.php?rest_route=%2Fwp%2Fv2%2Fmedia&parent=15355"}],"wp:term":[{"taxonomy":"category","embeddable":true,"href":"https:\/\/www.radioamigavallenar.cl\/index.php?rest_route=%2Fwp%2Fv2%2Fcategories&post=15355"},{"taxonomy":"post_tag","embeddable":true,"href":"https:\/\/www.radioamigavallenar.cl\/index.php?rest_route=%2Fwp%2Fv2%2Ftags&post=15355"}],"curies":[{"name":"wp","href":"https:\/\/api.w.org\/{rel}","templated":true}]}}