{"id":15352,"date":"2019-08-09T00:03:51","date_gmt":"2019-08-09T04:03:51","guid":{"rendered":"https:\/\/www.radioamigavallenar.cl\/?p=15352"},"modified":"2019-08-08T22:17:34","modified_gmt":"2019-08-09T02:17:34","slug":"ministro-prokurica-y-cierre-semana-minera-apec-nos-deja-una-serie-de-posiciones","status":"publish","type":"post","link":"https:\/\/www.radioamigavallenar.cl\/?p=15352","title":{"rendered":"Ministro Prokurica y cierre Semana Minera APEC: nos deja una serie de posiciones"},"content":{"rendered":"\n<div class=\"wp-block-image\"><figure class=\"aligncenter is-resized\"><img loading=\"lazy\" decoding=\"async\" src=\"https:\/\/www.radioamigavallenar.cl\/wp-content\/uploads\/2019\/08\/Foto-cierre-Semana-Minera-APEC-Chile-2019-1024x539.jpg\" alt=\"\" class=\"wp-image-15353\" width=\"580\" height=\"305\" srcset=\"https:\/\/www.radioamigavallenar.cl\/wp-content\/uploads\/2019\/08\/Foto-cierre-Semana-Minera-APEC-Chile-2019-1024x539.jpg 1024w, https:\/\/www.radioamigavallenar.cl\/wp-content\/uploads\/2019\/08\/Foto-cierre-Semana-Minera-APEC-Chile-2019-300x158.jpg 300w, https:\/\/www.radioamigavallenar.cl\/wp-content\/uploads\/2019\/08\/Foto-cierre-Semana-Minera-APEC-Chile-2019-768x404.jpg 768w\" sizes=\"auto, (max-width: 580px) 100vw, 580px\" \/><\/figure><\/div>\n\n\n\n<p>Un exitoso cierre tuvo la Semana Minera APEC Chile 2019, que se realiz\u00f3 en Copiap\u00f3, Regi\u00f3n de Atacama. As\u00ed fue el balance que realizaron las autoridades que participaron en el encuentro, encabezado por el ministro de Miner\u00eda, Baldo Prokurica; el Intendente de la zona, Patricio Urquieta; SOM Chair APEC Chile, Mathias Francke; y el Presidente de la Corporaci\u00f3n para el Desarrollo de la Regi\u00f3n de Atacama, Daniel Llorente.<\/p>\n\n\n\n<p>En la oportunidad, el secretario de Estado se\u00f1al\u00f3 que esta actividad de car\u00e1cter internacional, que por primera vez se desarrolla en la regi\u00f3n, \u201cnos deja una serie de posiciones que son preparatorias para la COP 25: una miner\u00eda m\u00e1s cercana con el medio ambiente, m\u00e1s amigable con los trabajadores y, adem\u00e1s, con una propuesta de bater\u00edas para la COP 25\u201d.<\/p>\n\n\n\n<p>En esa l\u00ednea, agreg\u00f3 que la industria ha estado avanzando hacia una miner\u00eda m\u00e1s sustentable, puntualizando que \u201cel 90% de los proyectos mineros tienen desaladoras para cuidar las aguas continentales, tambi\u00e9n tenemos seis grandes proyectos que han realizado licitaciones para tener 100% de energ\u00edas renovables y, adem\u00e1s, la Empresa Nacional de Miner\u00eda tiene comprometido para 2021, el 100% de ERNC para su abastecimiento de plantas. Eso hace que tengamos un desaf\u00edo muy importante y muchos temas para la COP 25, sobre c\u00f3mo est\u00e1 actuando la miner\u00eda\u201d.<\/p>\n\n\n\n<p>El SOM Chair de APEC Chile, Mathias Franke, sostuvo que \u201cestamos felices de cerrar la semana de la miner\u00eda en Copiap\u00f3, creo que es un hito importante en el calendario de a\u00f1o APEC hacia la cumbre. Vimos varios v\u00ednculos con las prioridades de Chile y la sociedad digital. Hoy estamos hablando de la digitalizaci\u00f3n de la miner\u00eda, de desarrollo sustentable y como la miner\u00eda es un actor importante en la lucha contra el cambio clim\u00e1tico, creo que es importante destacar, porque nosotros queremos hacer sinergias entre la cumbre APEC y la COP 25\u201d.<\/p>\n\n\n\n<p>El Intendente de Atacama, Patricio Urquieta, destac\u00f3 que en la instancia \u201cse abordaron los principales desaf\u00edos que impone la miner\u00eda a nivel mundial y que esperamos formen parte de los est\u00e1ndares que se tienen que cumplir por las empresas con capitales extranjeros en nuestras regiones y en nuestro pa\u00eds con el fin de tener una miner\u00eda sustentable y proyectable hacia el futuro, con los compromisos medioambientales que eso significa y tambi\u00e9n vincularla a esa necesaria certeza que tenemos que tener que medioambiente y miner\u00eda son compatibles y de hecho son necesarias entre s\u00ed\u201d.<\/p>\n\n\n\n<p>La Semana Minera APEC Chile 2019 se desarroll\u00f3 en la Regi\u00f3n de Atacama entre el 4 y el 8 de agosto, instancia en la que se abordaron tem\u00e1ticas como seguridad minera, servicios de la miner\u00eda, equipamiento y tecnolog\u00edas, uso eficiente del agua y ciberseguridad, entre otros.<\/p>\n","protected":false},"excerpt":{"rendered":"<p>Un exitoso cierre tuvo la Semana Minera APEC Chile 2019, que se realiz\u00f3 en Copiap\u00f3, Regi\u00f3n de Atacama. As\u00ed fue el balance que realizaron las&hellip; <\/p>\n","protected":false},"author":2,"featured_media":15353,"comment_status":"open","ping_status":"closed","sticky":false,"template":"","format":"standard","meta":{"footnotes":""},"categories":[7],"tags":[],"class_list":["post-15352","post","type-post","status-publish","format-standard","has-post-thumbnail","hentry","category-atacama"],"_links":{"self":[{"href":"https:\/\/www.radioamigavallenar.cl\/index.php?rest_route=\/wp\/v2\/posts\/15352","targetHints":{"allow":["GET"]}}],"collection":[{"href":"https:\/\/www.radioamigavallenar.cl\/index.php?rest_route=\/wp\/v2\/posts"}],"about":[{"href":"https:\/\/www.radioamigavallenar.cl\/index.php?rest_route=\/wp\/v2\/types\/post"}],"author":[{"embeddable":true,"href":"https:\/\/www.radioamigavallenar.cl\/index.php?rest_route=\/wp\/v2\/users\/2"}],"replies":[{"embeddable":true,"href":"https:\/\/www.radioamigavallenar.cl\/index.php?rest_route=%2Fwp%2Fv2%2Fcomments&post=15352"}],"version-history":[{"count":0,"href":"https:\/\/www.radioamigavallenar.cl\/index.php?rest_route=\/wp\/v2\/posts\/15352\/revisions"}],"wp:featuredmedia":[{"embeddable":true,"href":"https:\/\/www.radioamigavallenar.cl\/index.php?rest_route=\/wp\/v2\/media\/15353"}],"wp:attachment":[{"href":"https:\/\/www.radioamigavallenar.cl\/index.php?rest_route=%2Fwp%2Fv2%2Fmedia&parent=15352"}],"wp:term":[{"taxonomy":"category","embeddable":true,"href":"https:\/\/www.radioamigavallenar.cl\/index.php?rest_route=%2Fwp%2Fv2%2Fcategories&post=15352"},{"taxonomy":"post_tag","embeddable":true,"href":"https:\/\/www.radioamigavallenar.cl\/index.php?rest_route=%2Fwp%2Fv2%2Ftags&post=15352"}],"curies":[{"name":"wp","href":"https:\/\/api.w.org\/{rel}","templated":true}]}}