{"id":15349,"date":"2019-08-09T00:02:30","date_gmt":"2019-08-09T04:02:30","guid":{"rendered":"https:\/\/www.radioamigavallenar.cl\/?p=15349"},"modified":"2019-08-08T22:12:31","modified_gmt":"2019-08-09T02:12:31","slug":"seremi-del-medio-ambiente-celebra-10-anos-del-sistema-de-certificacion-ambiental-municipal-scam-en-atacama","status":"publish","type":"post","link":"https:\/\/www.radioamigavallenar.cl\/?p=15349","title":{"rendered":"Seremi del Medio Ambiente celebra 10 a\u00f1os del Sistema de Certificaci\u00f3n Ambiental Municipal (SCAM) en Atacama."},"content":{"rendered":"\n<div class=\"wp-block-image\"><figure class=\"aligncenter is-resized\"><img loading=\"lazy\" decoding=\"async\" src=\"https:\/\/www.radioamigavallenar.cl\/wp-content\/uploads\/2019\/08\/scam-800x533.jpg\" alt=\"\" class=\"wp-image-15350\" width=\"562\" height=\"374\" srcset=\"https:\/\/www.radioamigavallenar.cl\/wp-content\/uploads\/2019\/08\/scam-800x533.jpg 800w, https:\/\/www.radioamigavallenar.cl\/wp-content\/uploads\/2019\/08\/scam-800x533-300x200.jpg 300w, https:\/\/www.radioamigavallenar.cl\/wp-content\/uploads\/2019\/08\/scam-800x533-768x512.jpg 768w\" sizes=\"auto, (max-width: 562px) 100vw, 562px\" \/><\/figure><\/div>\n\n\n\n<p>En un concurrido evento que cont\u00f3 con la participaci\u00f3n de los municipios de Diego de Almagro, Caldera, Copiap\u00f3, Tierra Amarilla, Huasco, Freirina Vallenar y Alto del Carmen, los asistentes pudieron conocer las experiencias desarrolladas por los equipos de gesti\u00f3n ambiental municipal junto a sus comit\u00e9s ambientales comunales y municipales, las que fueron presentadas a sus pares en un esperado encuentro destinado a celebrar los 10 a\u00f1os del Programa SCAM, e intercambiar las experiencias y aprendizajes adquiridos desde la instalaci\u00f3n del mismo en las respectivas casas edilicias.<\/p>\n\n\n\n<p>El evento fue encabezado por el Seremi del Medio Ambiente, Guillermo Ready, el Alcalde de Vallenar Cristian Tapia, y cont\u00f3 con la exposici\u00f3n del Jefe del Departamento de Gesti\u00f3n Ambiental Local del Ministerio del Medio Ambiente (MMA), Carlos Rungruangsakorn.<\/p>\n\n\n\n<p>El profesional del MMA destac\u00f3 que \u201clos municipios que participan en el programa desarrollan una Estrategia Ambiental Comunal, que es un instrumento de acci\u00f3n que busca abordar de manera sistem\u00e1tica los principales conflictos o situaciones ambientales presentes en el territorio comunal. El SCAM se encuentra operando en toda la regi\u00f3n con municipios certificados en tres de sus cinco niveles y con un crecimiento progresivo cada a\u00f1o\u201d.<\/p>\n\n\n\n<p>El Seremi del Medio Ambiente, Guillermo Ready valor\u00f3 la participaci\u00f3n de los municipios en el Programa de Certificaci\u00f3n Ambiental, destacando que \u201cse han convertido en&nbsp; aliados fundamentales&nbsp; para hacer realidad las iniciativas ciudadanas, y para hacer de nuestro pa\u00eds y de la regi\u00f3n de Atacama, un lugar m\u00e1s amigable con el medio ambiente, como ha sido reiterado por el Presidente Sebasti\u00e1n Pi\u00f1era\u201d.<\/p>\n\n\n\n<p>La Autoridad Ambiental afirm\u00f3 adem\u00e1s que \u201ces importante apoyar y acompa\u00f1ar a los municipios en la instalaci\u00f3n de su territorio con un modelo de gesti\u00f3n ambiental, donde la org\u00e1nica municipal, infraestructura, personal, procedimientos internos y el servicio que presta el municipio a la comunidad integren el factor ambiental en su quehacer diario\u201d.<\/p>\n\n\n\n<p>El programa incluye dentro de sus l\u00edneas de trabajo: Reciclaje, ahorro energ\u00e9tico e h\u00eddrico en oficinas municipales, capacitaci\u00f3n a todas y todos los funcionarios en diversas tem\u00e1ticas ambientales, desarrollo de instrumentos que fomenten la participaci\u00f3n de las vecinas y vecinos en la gesti\u00f3n ambiental comunal.<\/p>\n\n\n\n<p>Creado en 2009, el Sistema de Certificaci\u00f3n Ambiental Municipal SCAM, es un sistema integral de car\u00e1cter voluntario, que permite a los municipios instalarse en el territorio como un modelo de gesti\u00f3n ambiental, donde la org\u00e1nica, la infraestructura, el personal, los procedimientos internos y los servicios que presta el municipio a la comunidad, integran el factor ambiental, seg\u00fan est\u00e1ndares internacionales como ISO 14001 y EMAS (Reglamento Comunitario de Ecogesti\u00f3n y Ecoauditor\u00eda).<\/p>\n","protected":false},"excerpt":{"rendered":"<p>En un concurrido evento que cont\u00f3 con la participaci\u00f3n de los municipios de Diego de Almagro, Caldera, Copiap\u00f3, Tierra Amarilla, Huasco, Freirina Vallenar y Alto&hellip; <\/p>\n","protected":false},"author":2,"featured_media":15350,"comment_status":"open","ping_status":"closed","sticky":false,"template":"","format":"standard","meta":{"footnotes":""},"categories":[7,2],"tags":[],"class_list":["post-15349","post","type-post","status-publish","format-standard","has-post-thumbnail","hentry","category-atacama","category-vallenar"],"_links":{"self":[{"href":"https:\/\/www.radioamigavallenar.cl\/index.php?rest_route=\/wp\/v2\/posts\/15349","targetHints":{"allow":["GET"]}}],"collection":[{"href":"https:\/\/www.radioamigavallenar.cl\/index.php?rest_route=\/wp\/v2\/posts"}],"about":[{"href":"https:\/\/www.radioamigavallenar.cl\/index.php?rest_route=\/wp\/v2\/types\/post"}],"author":[{"embeddable":true,"href":"https:\/\/www.radioamigavallenar.cl\/index.php?rest_route=\/wp\/v2\/users\/2"}],"replies":[{"embeddable":true,"href":"https:\/\/www.radioamigavallenar.cl\/index.php?rest_route=%2Fwp%2Fv2%2Fcomments&post=15349"}],"version-history":[{"count":0,"href":"https:\/\/www.radioamigavallenar.cl\/index.php?rest_route=\/wp\/v2\/posts\/15349\/revisions"}],"wp:featuredmedia":[{"embeddable":true,"href":"https:\/\/www.radioamigavallenar.cl\/index.php?rest_route=\/wp\/v2\/media\/15350"}],"wp:attachment":[{"href":"https:\/\/www.radioamigavallenar.cl\/index.php?rest_route=%2Fwp%2Fv2%2Fmedia&parent=15349"}],"wp:term":[{"taxonomy":"category","embeddable":true,"href":"https:\/\/www.radioamigavallenar.cl\/index.php?rest_route=%2Fwp%2Fv2%2Fcategories&post=15349"},{"taxonomy":"post_tag","embeddable":true,"href":"https:\/\/www.radioamigavallenar.cl\/index.php?rest_route=%2Fwp%2Fv2%2Ftags&post=15349"}],"curies":[{"name":"wp","href":"https:\/\/api.w.org\/{rel}","templated":true}]}}