{"id":15346,"date":"2019-08-09T00:04:30","date_gmt":"2019-08-09T04:04:30","guid":{"rendered":"https:\/\/www.radioamigavallenar.cl\/?p=15346"},"modified":"2019-08-08T22:08:40","modified_gmt":"2019-08-09T02:08:40","slug":"seremi-de-educacion-de-atacama-se-reunio-con-directiva-regional-de-asistentes-de-la-educacion","status":"publish","type":"post","link":"https:\/\/www.radioamigavallenar.cl\/?p=15346","title":{"rendered":"Seremi de Educaci\u00f3n de atacama se reuni\u00f3 con directiva regional de Asistentes de la Educaci\u00f3n."},"content":{"rendered":"\n<div class=\"wp-block-image\"><figure class=\"aligncenter is-resized\"><img loading=\"lazy\" decoding=\"async\" src=\"https:\/\/www.radioamigavallenar.cl\/wp-content\/uploads\/2019\/08\/asistentes-800x600.jpeg\" alt=\"\" class=\"wp-image-15347\" width=\"544\" height=\"408\" srcset=\"https:\/\/www.radioamigavallenar.cl\/wp-content\/uploads\/2019\/08\/asistentes-800x600.jpeg 800w, https:\/\/www.radioamigavallenar.cl\/wp-content\/uploads\/2019\/08\/asistentes-800x600-300x225.jpeg 300w, https:\/\/www.radioamigavallenar.cl\/wp-content\/uploads\/2019\/08\/asistentes-800x600-768x576.jpeg 768w\" sizes=\"auto, (max-width: 544px) 100vw, 544px\" \/><\/figure><\/div>\n\n\n\n<p>La seremi de Educaci\u00f3n Silvia \u00c1lvarez Matthews se reuni\u00f3 con la directiva de Federaci\u00f3n Regional de Asociaciones de Funcionarios de Educaci\u00f3n Municipal, con la finalidad de planificar el trabajo que desarrollar\u00e1n en conjunto durante este segundo semestre de 2019.<\/p>\n\n\n\n<p>En la oportunidad, la autoridad se reuni\u00f3 con el presidente regional del gremio Alfredo Mar\u00edn y los representantes de la directiva Patricia Carmona, Esmeraldo Alvadora y Miguel Garc\u00eda.<\/p>\n\n\n\n<p>Finalizado el encuentro la Seremi de Educaci\u00f3n se\u00f1al\u00f3 que \u201cm\u00e1s del 30% de la comunidad educativa son asistentes de la educaci\u00f3n, por eso hemos tenido diversas jornadas coordinaci\u00f3n para abarcar temas relevantes para sus asociados como en este caso la conformidad con el trabajo territorial que ha desarrollado la Direcci\u00f3n de Educaci\u00f3n P\u00fablica para informar sobre el proceso de instalaci\u00f3n del Servicio Local de Educaci\u00f3n P\u00fablica, SLEP Atacama que abarcar\u00e1 las provincias de Copiap\u00f3 y Cha\u00f1aral\u201d.<\/p>\n\n\n\n<p>En tanto, \u00c1lvarez explic\u00f3 que \u201cuna de las preocupaciones de la Directiva Regional es el pago del bono de rentas m\u00ednimas que debe cancelar mensualmente cada sostenedor a los asistentes de la educaci\u00f3n ya que es un beneficio que les permite mejorar sus remuneraciones. Lamentablemente, hay casos en los que no se han cancelado dichos recursos\u201d.<\/p>\n\n\n\n<p>Cabe recordar que en septiembre de 2009, la Ley General de Educaci\u00f3n reconoce a los Asistentes de la Educaci\u00f3n como parte de la comunidad educativa y por tanto, sujetos de derechos y deberes por lo que a juicio de Silvia \u00c1lvarez \u201cnadie puede discutir la importancia que tienen en el quehacer diario del proceso educativo de nuestros ni\u00f1os y j\u00f3venes y en este sentido, como Gobierno hemos ratificado ante su directiva regional, nuestro compromiso de apoyar y seguir reconociendo a este grupo de trabajadores\u201d.<\/p>\n\n\n\n<p>Finalmente, la Secretaria Ministerial inform\u00f3 que \u201ccomo Ministerio nos sumaremos a las actividades que organizar\u00e1n en conmemoraci\u00f3n del D\u00eda Nacional del Asistente de la Educaci\u00f3n, en reconocimiento a su importante tarea educativa ya que con su formaci\u00f3n, experiencia, esfuerzo y habilidades hacen que el quehacer&nbsp; educativo sea m\u00e1s c\u00e1lido, eficiente y \u00e1gil, colaborando sea como profesionales y no profesionales &nbsp;en esta admirable tarea de ense\u00f1ar\u201d.<\/p>\n","protected":false},"excerpt":{"rendered":"<p>La seremi de Educaci\u00f3n Silvia \u00c1lvarez Matthews se reuni\u00f3 con la directiva de Federaci\u00f3n Regional de Asociaciones de Funcionarios de Educaci\u00f3n Municipal, con la finalidad&hellip; <\/p>\n","protected":false},"author":2,"featured_media":15347,"comment_status":"open","ping_status":"closed","sticky":false,"template":"","format":"standard","meta":{"footnotes":""},"categories":[7],"tags":[],"class_list":["post-15346","post","type-post","status-publish","format-standard","has-post-thumbnail","hentry","category-atacama"],"_links":{"self":[{"href":"https:\/\/www.radioamigavallenar.cl\/index.php?rest_route=\/wp\/v2\/posts\/15346","targetHints":{"allow":["GET"]}}],"collection":[{"href":"https:\/\/www.radioamigavallenar.cl\/index.php?rest_route=\/wp\/v2\/posts"}],"about":[{"href":"https:\/\/www.radioamigavallenar.cl\/index.php?rest_route=\/wp\/v2\/types\/post"}],"author":[{"embeddable":true,"href":"https:\/\/www.radioamigavallenar.cl\/index.php?rest_route=\/wp\/v2\/users\/2"}],"replies":[{"embeddable":true,"href":"https:\/\/www.radioamigavallenar.cl\/index.php?rest_route=%2Fwp%2Fv2%2Fcomments&post=15346"}],"version-history":[{"count":0,"href":"https:\/\/www.radioamigavallenar.cl\/index.php?rest_route=\/wp\/v2\/posts\/15346\/revisions"}],"wp:featuredmedia":[{"embeddable":true,"href":"https:\/\/www.radioamigavallenar.cl\/index.php?rest_route=\/wp\/v2\/media\/15347"}],"wp:attachment":[{"href":"https:\/\/www.radioamigavallenar.cl\/index.php?rest_route=%2Fwp%2Fv2%2Fmedia&parent=15346"}],"wp:term":[{"taxonomy":"category","embeddable":true,"href":"https:\/\/www.radioamigavallenar.cl\/index.php?rest_route=%2Fwp%2Fv2%2Fcategories&post=15346"},{"taxonomy":"post_tag","embeddable":true,"href":"https:\/\/www.radioamigavallenar.cl\/index.php?rest_route=%2Fwp%2Fv2%2Ftags&post=15346"}],"curies":[{"name":"wp","href":"https:\/\/api.w.org\/{rel}","templated":true}]}}