{"id":15343,"date":"2019-08-09T00:11:09","date_gmt":"2019-08-09T04:11:09","guid":{"rendered":"https:\/\/www.radioamigavallenar.cl\/?p=15343"},"modified":"2019-08-09T00:12:30","modified_gmt":"2019-08-09T04:12:30","slug":"la-nueva-generacion-minera-formada-en-enami","status":"publish","type":"post","link":"https:\/\/www.radioamigavallenar.cl\/?p=15343","title":{"rendered":"La nueva generaci\u00f3n minera formada en ENAMI"},"content":{"rendered":"\n<div class=\"wp-block-image\"><figure class=\"aligncenter is-resized\"><img loading=\"lazy\" decoding=\"async\" src=\"https:\/\/www.radioamigavallenar.cl\/wp-content\/uploads\/2019\/08\/enami-1-800x534.jpg\" alt=\"\" class=\"wp-image-15344\" width=\"546\" height=\"364\" srcset=\"https:\/\/www.radioamigavallenar.cl\/wp-content\/uploads\/2019\/08\/enami-1-800x534.jpg 800w, https:\/\/www.radioamigavallenar.cl\/wp-content\/uploads\/2019\/08\/enami-1-800x534-300x200.jpg 300w, https:\/\/www.radioamigavallenar.cl\/wp-content\/uploads\/2019\/08\/enami-1-800x534-768x513.jpg 768w\" sizes=\"auto, (max-width: 546px) 100vw, 546px\" \/><\/figure><\/div>\n\n\n\n<p><strong>Tienen diferentes edades y sus metas son distintas, sin embargo, su inter\u00e9s por desempe\u00f1arse en el rubro minero los une como una nueva generaci\u00f3n llamada a buscar nuevas formas de sortear los desaf\u00edos de la industria, y que con motivo del mes de la miner\u00eda hoy est\u00e1n m\u00e1s latentes que nunca.<\/strong><\/p>\n\n\n\n<p>Se trata de 216 j\u00f3venes que a lo largo del 2019 han desplegado sus capacidades y competencias en distintos programas impulsados por la Empresa Nacional de Miner\u00eda (ENAMI), abri\u00e9ndoles las puertas de sus plantas y fundici\u00f3n, para que puedan conseguir la experiencia necesaria para acreditar su formaci\u00f3n t\u00e9cnica o profesional.<\/p>\n\n\n\n<p>\u201cMi familia es minera y trabaja en la mediana miner\u00eda. A m\u00ed me gustar\u00eda seguir esa tradici\u00f3n, y quiz\u00e1s trabajar en ENAMI\u201d, asegur\u00f3 Francisco Gonz\u00e1lez. El atacame\u00f1o de 23 a\u00f1os es parte del in\u00e9dito programa de Aprendices que ENAMI inici\u00f3 este a\u00f1o. La iniciativa busca aportar con la formaci\u00f3n de 56 j\u00f3venes en oficios de operadores, mec\u00e1nicos e instrumentistas, para planta y fundici\u00f3n.<\/p>\n\n\n\n<p>Tarea de formaci\u00f3n que responde a la proyecci\u00f3n de demanda de la pr\u00f3xima d\u00e9cada para la miner\u00eda, la que se ha estimado en cerca de 30 mil personas en distintos oficios, puestos t\u00e9cnicos o profesionales. Ante tal desaf\u00edo, ENAMI apost\u00f3 por potenciar su l\u00ednea de educaci\u00f3n en el marco de su trabajo de relaciones comunitarias, y ha dicho presente en nueve establecimientos educacionales de Antofagasta y Copiap\u00f3 por medio de Consejos Asesores Empresariales.<\/p>\n\n\n\n<p>Asimismo, robusteci\u00f3 la matr\u00edcula 2019 del programa DUAL a 26 alumnos de Ense\u00f1anza T\u00e9cnico profesional de los Liceos Polivalente El Palomar y el Liceo Tecnol\u00f3gico, ambos de Copiap\u00f3, y reforzando la presencia del Liceo Jorge Alessandri Rodr\u00edguez de Tierra Amarilla. Actualmente, el grupo se encuentra en pleno proceso de formaci\u00f3n en la fundici\u00f3n Hern\u00e1n Videla Lira (FHVL) y Planta Matta.<\/p>\n\n\n\n<p>El jefe de Relaciones Comunitarias, Rodrigo Mora, explic\u00f3 que el plan \u2013solo para estudiantes de terceros y cuartos medios de liceos t\u00e9cnicos profesionales- contempla una semana en clases en los establecimientos y otra pr\u00e1ctica en la empresa. \u201cEs una especie de apadrinamiento por parte de la empresa, que se trabaja y concreta mediante los Consejos Asesores Empresariales, donde ENAMI se inserta con su oferta\u201d, detall\u00f3 Mora.<\/p>\n\n\n\n<p>Apadrinamiento que dio la oportunidad a Sandra Quispe, estudiante de explotaci\u00f3n minera en el Liceo Polivalente El Palomar, de conocer de la mano de su maestro gu\u00eda, Alfonso P\u00e9rez, los procesos en el \u00e1rea de preparaci\u00f3n y mezcla de la FHVL. \u00abAqu\u00ed haces lo que en el Liceo te explican. Los trabajadores han sido muy amables y preocupados de ense\u00f1arnos, yo sin duda en un futuro me veo estudiando Ingenier\u00eda Civil en Mina\u00bb, sentenci\u00f3 Quispe, quien asegur\u00f3 que al conocer los procesos productivos sinti\u00f3 mayor motivaci\u00f3n.<\/p>\n\n\n\n<p>Motivaci\u00f3n que tambi\u00e9n se traduce en los periodos de pr\u00e1ctica que ENAMI pone a disposici\u00f3n de estudiantes a\u00f1o a a\u00f1o. Tarea que la empresa emprendi\u00f3 con el fin de ser una fuente de conocimiento para j\u00f3venes profesionales y memoristas, que buscan encantarse con el rubro. As\u00ed, durante 2019 arribaron a la estatal 73 estudiantes en pr\u00e1ctica a distintas faenas y 61 memoristas que hicieron su trabajo de tesis con el apoyo de la empresa.<\/p>\n\n\n\n<p>\u201cComo ENAMI estamos muy contentos de apoyar a estos j\u00f3venes que son el futuro de una industria que tiene nuevos desaf\u00edos, que necesita de ideas frescas y que mejor que sean estudiantes de nuestras zonas de influencia, como Paipote y Tierra Amarilla, los que nos ayuden a ser mejores productiva y ambientalmente. Estamos orgullosos que esta nueva generaci\u00f3n minera haya escogido a ENAMI para comenzar una carrera en la miner\u00eda\u201d, destac\u00f3 el vicepresidente ejecutivo de la estatal, Robert Mayne-Nicholls.<\/p>\n\n\n\n<p>El ejecutivo relev\u00f3 la misi\u00f3n de la empresa de generar una trasferencia de conocimiento entre generaciones, al establecer la relaci\u00f3n trabajadores-estudiantes, proceso que busca inspirar a esta nueva generaci\u00f3n minera.<\/p>\n","protected":false},"excerpt":{"rendered":"<p>Tienen diferentes edades y sus metas son distintas, sin embargo, su inter\u00e9s por desempe\u00f1arse en el rubro minero los une como una nueva generaci\u00f3n llamada&hellip; <\/p>\n","protected":false},"author":2,"featured_media":15344,"comment_status":"open","ping_status":"closed","sticky":false,"template":"","format":"standard","meta":{"footnotes":""},"categories":[7,34],"tags":[],"class_list":["post-15343","post","type-post","status-publish","format-standard","has-post-thumbnail","hentry","category-atacama","category-mineria"],"_links":{"self":[{"href":"https:\/\/www.radioamigavallenar.cl\/index.php?rest_route=\/wp\/v2\/posts\/15343","targetHints":{"allow":["GET"]}}],"collection":[{"href":"https:\/\/www.radioamigavallenar.cl\/index.php?rest_route=\/wp\/v2\/posts"}],"about":[{"href":"https:\/\/www.radioamigavallenar.cl\/index.php?rest_route=\/wp\/v2\/types\/post"}],"author":[{"embeddable":true,"href":"https:\/\/www.radioamigavallenar.cl\/index.php?rest_route=\/wp\/v2\/users\/2"}],"replies":[{"embeddable":true,"href":"https:\/\/www.radioamigavallenar.cl\/index.php?rest_route=%2Fwp%2Fv2%2Fcomments&post=15343"}],"version-history":[{"count":0,"href":"https:\/\/www.radioamigavallenar.cl\/index.php?rest_route=\/wp\/v2\/posts\/15343\/revisions"}],"wp:featuredmedia":[{"embeddable":true,"href":"https:\/\/www.radioamigavallenar.cl\/index.php?rest_route=\/wp\/v2\/media\/15344"}],"wp:attachment":[{"href":"https:\/\/www.radioamigavallenar.cl\/index.php?rest_route=%2Fwp%2Fv2%2Fmedia&parent=15343"}],"wp:term":[{"taxonomy":"category","embeddable":true,"href":"https:\/\/www.radioamigavallenar.cl\/index.php?rest_route=%2Fwp%2Fv2%2Fcategories&post=15343"},{"taxonomy":"post_tag","embeddable":true,"href":"https:\/\/www.radioamigavallenar.cl\/index.php?rest_route=%2Fwp%2Fv2%2Ftags&post=15343"}],"curies":[{"name":"wp","href":"https:\/\/api.w.org\/{rel}","templated":true}]}}