{"id":15338,"date":"2019-08-09T00:01:46","date_gmt":"2019-08-09T04:01:46","guid":{"rendered":"https:\/\/www.radioamigavallenar.cl\/?p=15338"},"modified":"2019-08-09T13:57:30","modified_gmt":"2019-08-09T17:57:30","slug":"estudiantes-de-vallenar-visitaron-planetario-movil","status":"publish","type":"post","link":"https:\/\/www.radioamigavallenar.cl\/?p=15338","title":{"rendered":"Estudiantes de Vallenar visitaron Planetario M\u00f3vil."},"content":{"rendered":"\n<div class=\"wp-block-image\"><figure class=\"aligncenter is-resized\"><img loading=\"lazy\" decoding=\"async\" src=\"https:\/\/www.radioamigavallenar.cl\/wp-content\/uploads\/2019\/08\/Planetario-M\u00f3vil-1-1024x768.jpeg\" alt=\"\" class=\"wp-image-15339\" width=\"520\" height=\"390\" srcset=\"https:\/\/www.radioamigavallenar.cl\/wp-content\/uploads\/2019\/08\/Planetario-M\u00f3vil-1-1024x768.jpeg 1024w, https:\/\/www.radioamigavallenar.cl\/wp-content\/uploads\/2019\/08\/Planetario-M\u00f3vil-1-300x225.jpeg 300w, https:\/\/www.radioamigavallenar.cl\/wp-content\/uploads\/2019\/08\/Planetario-M\u00f3vil-1-768x576.jpeg 768w, https:\/\/www.radioamigavallenar.cl\/wp-content\/uploads\/2019\/08\/Planetario-M\u00f3vil-1.jpeg 1280w\" sizes=\"auto, (max-width: 520px) 100vw, 520px\" \/><\/figure><\/div>\n\n\n\n<p>Estudiantes de diferentes\nestablecimientos de Vallenar, pudieron visitar el Planetario M\u00f3vil, instalado\nen dependencias del Liceo Pedro Troncoso Machuca (PTM) de Vallenar, momento en\nque pudieron conocer diferentes aspectos de la astronom\u00eda.&nbsp;<\/p>\n\n\n\n<p>La actividad se enmarca dentro del \u00abPrograma Eclipse Solar Atacama\u00bb, uno de los encargados de su funcionamiento, Gonzalo Linderman, de la fundaci\u00f3n de la Superaci\u00f3n de la Pobreza, nos coment\u00f3 sobre el objetivo de la visita, \u00aben estos momentos estamos desarrollando un programa que est\u00e1 ambientado en todo lo que fue el marco del eclipse solar y la idea es trabajar con establecimientos educacionales en la tem\u00e1tica de la difusi\u00f3n cient\u00edfica\u00bb.<\/p>\n\n\n\n<figure class=\"wp-block-audio\"><audio controls src=\"https:\/\/www.radioamigavallenar.cl\/wp-content\/uploads\/2019\/08\/cu\u00f1a-de-encargado.mp3\"><\/audio><\/figure>\n\n\n\n<p>En la muestra los estudiantes ingresan al planetario inflable, lugar donde a trav\u00e9s de proyecciones audiovisuales pueden conocer diferentes aspectos de la astronom\u00eda, como las constelaciones, el sistema solar y entre otros temas desarrollados por este Planetario M\u00f3vil Chile, Juan Carlos Casta\u00f1o, estudiantes del 3er a\u00f1o medio, del liceo PTM nos coment\u00f3 sobre su experiencia, \u00abfue muy buena porque uno aprende varias cosas, la sensaci\u00f3n que se mostraba, como se ve\u00edan las constelaciones, las galaxias, donde estaba ubicado el planeta, es algo muy bonito porque es de la creaci\u00f3n de nosotros y es algo que deber\u00edamos aprender m\u00e1s a menudo.&nbsp; Aqu\u00ed en Vallenar no hay para uno ver un planetario, tendr\u00eda que irse a una ciudad lejos, as\u00ed es que es una oportunidad grande para uno conocer.&nbsp;<\/p>\n\n\n\n<figure class=\"wp-block-audio\"><audio controls src=\"https:\/\/www.radioamigavallenar.cl\/wp-content\/uploads\/2019\/08\/cu\u00f1a-de-Estudiante.mp3\"><\/audio><\/figure>\n\n\n\n<p> El calendario de funcionamiento en la Provincia de Huasco, comenz\u00f3 el d\u00eda martes en Liceo PTM; para continuar el d\u00eda mi\u00e9rcoles en la comuna de Alto del Carmen, en la Escuela Ricardo Campillay; el jueves en Freirina, en el Liceo Ram\u00f3n Freire; el viernes en Huasco; y el s\u00e1bado de manera especial, en Carrizalillo. <\/p>\n","protected":false},"excerpt":{"rendered":"<p>Estudiantes de diferentes establecimientos de Vallenar, pudieron visitar el Planetario M\u00f3vil, instalado en dependencias del Liceo Pedro Troncoso Machuca (PTM) de Vallenar, momento en que&hellip; <\/p>\n","protected":false},"author":2,"featured_media":15339,"comment_status":"open","ping_status":"closed","sticky":false,"template":"","format":"standard","meta":{"footnotes":""},"categories":[1,2],"tags":[],"class_list":["post-15338","post","type-post","status-publish","format-standard","has-post-thumbnail","hentry","category-provincia-del-huasco-2","category-vallenar"],"_links":{"self":[{"href":"https:\/\/www.radioamigavallenar.cl\/index.php?rest_route=\/wp\/v2\/posts\/15338","targetHints":{"allow":["GET"]}}],"collection":[{"href":"https:\/\/www.radioamigavallenar.cl\/index.php?rest_route=\/wp\/v2\/posts"}],"about":[{"href":"https:\/\/www.radioamigavallenar.cl\/index.php?rest_route=\/wp\/v2\/types\/post"}],"author":[{"embeddable":true,"href":"https:\/\/www.radioamigavallenar.cl\/index.php?rest_route=\/wp\/v2\/users\/2"}],"replies":[{"embeddable":true,"href":"https:\/\/www.radioamigavallenar.cl\/index.php?rest_route=%2Fwp%2Fv2%2Fcomments&post=15338"}],"version-history":[{"count":0,"href":"https:\/\/www.radioamigavallenar.cl\/index.php?rest_route=\/wp\/v2\/posts\/15338\/revisions"}],"wp:featuredmedia":[{"embeddable":true,"href":"https:\/\/www.radioamigavallenar.cl\/index.php?rest_route=\/wp\/v2\/media\/15339"}],"wp:attachment":[{"href":"https:\/\/www.radioamigavallenar.cl\/index.php?rest_route=%2Fwp%2Fv2%2Fmedia&parent=15338"}],"wp:term":[{"taxonomy":"category","embeddable":true,"href":"https:\/\/www.radioamigavallenar.cl\/index.php?rest_route=%2Fwp%2Fv2%2Fcategories&post=15338"},{"taxonomy":"post_tag","embeddable":true,"href":"https:\/\/www.radioamigavallenar.cl\/index.php?rest_route=%2Fwp%2Fv2%2Ftags&post=15338"}],"curies":[{"name":"wp","href":"https:\/\/api.w.org\/{rel}","templated":true}]}}