{"id":15255,"date":"2019-08-06T12:02:28","date_gmt":"2019-08-06T16:02:28","guid":{"rendered":"https:\/\/www.radioamigavallenar.cl\/?p=15255"},"modified":"2019-08-06T12:02:29","modified_gmt":"2019-08-06T16:02:29","slug":"minera-santo-domingo-comenzaria-su-etapa-de-construccion-a-fines-de-este-ano","status":"publish","type":"post","link":"https:\/\/www.radioamigavallenar.cl\/?p=15255","title":{"rendered":"Minera Santo Domingo comenzar\u00eda su etapa de construcci\u00f3n a fines de este a\u00f1o."},"content":{"rendered":"\n<div class=\"wp-block-image\"><figure class=\"aligncenter is-resized\"><img loading=\"lazy\" decoding=\"async\" src=\"https:\/\/www.radioamigavallenar.cl\/wp-content\/uploads\/2019\/08\/2-1024x768.jpg\" alt=\"\" class=\"wp-image-15256\" width=\"551\" height=\"413\" srcset=\"https:\/\/www.radioamigavallenar.cl\/wp-content\/uploads\/2019\/08\/2-1024x768.jpg 1024w, https:\/\/www.radioamigavallenar.cl\/wp-content\/uploads\/2019\/08\/2-300x225.jpg 300w, https:\/\/www.radioamigavallenar.cl\/wp-content\/uploads\/2019\/08\/2-768x576.jpg 768w, https:\/\/www.radioamigavallenar.cl\/wp-content\/uploads\/2019\/08\/2.jpg 1280w\" sizes=\"auto, (max-width: 551px) 100vw, 551px\" \/><\/figure><\/div>\n\n\n\n<p><strong>\u00b7 La empresa tiene como fecha el mes de diciembre de este a\u00f1o para comenzar las obras tempranas y en abril de 2020 para iniciar full construcci\u00f3n, y en octubre del 2022 comenzar\u00eda su producci\u00f3n en la comuna de Diego de Almagro, con un r\u00e9gimen de 200 mil toneladas de concentrado de cobre y 4 millones de concentrado de hierro y con una vida \u00fatil de 18,5 a\u00f1os, y un costo de inversi\u00f3n de 1.5 billones de d\u00f3lares.<\/strong><\/p>\n\n\n\n<p><strong>\u00b7 En la reuni\u00f3n estuvo presente gran parte del Gobierno Regional de Atacama, quienes consultaron acerca del proyecto y su funcionamiento.<\/strong><\/p>\n\n\n\n<p>\u201cEsta reuni\u00f3n tuvo como objetivo dar a conocer el status actual del proyecto minero Santo Domingo y, adem\u00e1s, mostrar los temas cr\u00edticos para el 2019, de los cuales estamos trabajando. Ha sido una gran instancia el poder contar con gran parte del Gobierno Regional de Atacama. Sin lugar a dudas, es una gran se\u00f1al que este proyecto cuenta con el apoyo necesario para seguir avanzando de manera responsable y nos compromete como compa\u00f1\u00eda, a que se materialice en el corto plazo la primera etapa de la construcci\u00f3n, ya que somos uno de los agentes clave para reactivar la econom\u00eda regional con una inversi\u00f3n de 1.500 millones de d\u00f3lares\u201d, se\u00f1al\u00f3 Horacio Z\u00e1rate, Gerente General de Minera Santo Domingo.<\/p>\n\n\n\n<p>A 7 kil\u00f3metros al sureste de la ciudad de Diego de Almagro, en la Tercera Regi\u00f3n de Atacama, se sit\u00faa uno de los proyectos mineros m\u00e1s relevantes del \u00faltimo tiempo en la zona. Se trata de Santo Domingo, cuya historia ha estado marcada por los obst\u00e1culos que ha debido sortear, donde y seg\u00fan el propio Gerente General de la minera, se espera que pueda comenzar su etapa temprana de construcci\u00f3n este pr\u00f3ximo mes de diciembre.<\/p>\n\n\n\n<p>\u201cLa reuni\u00f3n sostenida en el d\u00eda de ayer con los titulares del proyecto minero Santo Domingo, la cual fue convocada por nuestro Seremi de Econom\u00eda, Manuel Nanjar\u00ed, y que reuni\u00f3 a todos los representantes del sector p\u00fablico que tienen injerencia ya sea en su aprobaci\u00f3n como en la ejecuci\u00f3n del mismo, es una clara muestra del trabajo que como gobierno estamos desarrollando para poner a nuestra regi\u00f3n y a Chile en marcha\u201d, indic\u00f3 el Gobernador Provincial de Cha\u00f1aral, Ignacio Urcull\u00fa.<\/p>\n\n\n\n<p>Adem\u00e1s, el proyecto contempla la construcci\u00f3n de un puerto ubicado en el sector Punta Roca Blanca de la comuna de Caldera y una planta desalinizadora, una en el sector puerto, que generar\u00e1n agua potable y desalinizada. El agua desalinizada que se produzca ser\u00e1 utilizada para el proceso de cobre y concentrado de cobre, concentrado de magnetita y otras actividades menores. Comenzar\u00e1 su construcci\u00f3n este pr\u00f3ximo mes de marzo del 2020 y su funcionamiento se espera para abril del 2022, donde se requerir\u00e1 la contrataci\u00f3n de mano de obra local de 350 personas. En la actualidad est\u00e1 en proceso de licitaci\u00f3n, considerando que se debi\u00f3 solicitar un nuevo permiso para la ampliaci\u00f3n en la capacidad de tratamiento.<\/p>\n\n\n\n<p>\u201cUno de los compromisos del Gobierno del Presidente Sebasti\u00e1n Pi\u00f1era es apoyar los proyectos de inversi\u00f3n privada que cumplan con la normativa ambiental vigente para continuar con la reactivaci\u00f3n econ\u00f3mica de Atacama. Minera Santo Domingo comenzar\u00e1 su etapa de construcci\u00f3n en diciembre de este a\u00f1o, donde se contempla la contrataci\u00f3n de cerca de 3 mil empleos en su etapa de construcci\u00f3n y en su fase de operaci\u00f3n alrededor de Mil 500 trabajos. La intenci\u00f3n de concretar e iniciar este proyecto es sumamente auspicioso para avanzar en la senda del crecimiento econ\u00f3mico y la generaci\u00f3n de oportunidades laborales para las familias de Atacama. Visualizamos con optimismo el futuro de la regi\u00f3n y de la Provincia de Cha\u00f1aral, por lo que, seguiremos trabajando para que el desarrollo de los proyectos de inversi\u00f3n impulse el crecimiento econ\u00f3mico de nuestra regi\u00f3n de Atacama\u201d, destac\u00f3 el Seremi de Econom\u00eda, Fomento y Turismo de Atacama, Manuel Nanjar\u00ed Contreras.<\/p>\n\n\n\n<p>En ese mismo sentido: \u201cComo Ministerio de Obras P\u00fablicas, vamos a colaborar para que este proyecto se pueda iniciar lo m\u00e1s pronto posible, por supuesto todo dentro de la normativa vigente que nos compete, tanto en los temas de Obras Portuarias, considerando que el proyecto de Ingenier\u00eda que este dentro de zona mar\u00edtima debe ser aprobada por la Direcci\u00f3n de Obras Portuarias. As\u00ed mismo se revisar\u00e1n los proyectos de conectividad que son de competencia de la Direcci\u00f3n de Vialidad\u201d, destac\u00f3 Seremi MOP Atacama, Alfredo Campbell Aguilar.<\/p>\n\n\n\n<p><strong>PERMISOS AUTORIZADOS<\/strong><\/p>\n\n\n\n<p>En la oportunidad, la minera dio a conocer un informe t\u00e9cnico donde mostr\u00f3 todos los permisos aprobados como los avances y las debilidades que a\u00fan son parte del proyecto.<\/p>\n\n\n\n<p>Desde el 3 de mayo a la fecha, la minera ha obtenido 4 permisos aprobados: Botaderos Est\u00e9riles, Plata de Procesamiento de Minerales, Dep\u00f3sitos de Relaves, y M\u00e9todo de explotaci\u00f3n; y tambi\u00e9n el plan de cierre que fue aprobado el 5 de agosto de 2019; a\u00fan en tr\u00e1mite la autorizaci\u00f3n de la construcci\u00f3n de obras hidr\u00e1ulicas mayores que tuvo su primer ingreso en agosto del 2017.-<\/p>\n\n\n\n<p>Al respecto, Urcull\u00fa se\u00f1al\u00f3 que, en el caso de la Provincia de Cha\u00f1aral, 11 de estos proyectos se ubican en la comuna de Diego de Almagro y 2 en la comuna de Cha\u00f1aral, lo que implica que \u201cla inversi\u00f3n proyectada al a\u00f1o 2023, en la Provincia supera los 5 mil millones de d\u00f3lares, equivalente al 47 % del total regional, por lo que, en este escenario, determinar en conjunto -actores del sector<\/p>\n\n\n\n<p>p\u00fablico y privado- los aspectos m\u00e1s relevantes que podr\u00edan intervenir el desarrollo de las propuestas presentadas por las empresas que ejecutan o ejecutar\u00e1n proyectos de inversi\u00f3n en la provincia, es el objetivo de la \u2019Mesa Provincial de Eficiencia\u2019 instaurada por la Gobernaci\u00f3n Provincial de Cha\u00f1aral\u201d.<\/p>\n\n\n\n<p>Por \u00faltimo, la seremi de Energ\u00eda, Kim-Fa Bondi Hafon, afirm\u00f3 que: \u201cHoy participamos de una reuni\u00f3n en donde se nos ha presentado a distintos sectores de Gobierno el proyecto minero Santo Domingo, ha sido una reuni\u00f3n interesante en donde hemos podido conocer las ventajas y desventajas que ha presentado este proyecto. Esto es cumplir con lo que nos ha se\u00f1alado nuestro Presidente Sebasti\u00e1n Pi\u00f1era, de poner a Chile en marcha. Estamos conociendo los proyectos de inversi\u00f3n que se est\u00e1n realizando, que se realizar\u00e1n, o que tienen intenciones de concretarse en nuestra regi\u00f3n de Atacama. Estamos contentos y orgullosos de seguir desarrollando un trabajo por nuestro Gobierno y la gente de nuestra regi\u00f3n\u201d.<\/p>\n","protected":false},"excerpt":{"rendered":"<p>\u00b7 La empresa tiene como fecha el mes de diciembre de este a\u00f1o para comenzar las obras tempranas y en abril de 2020 para iniciar&hellip; <\/p>\n","protected":false},"author":2,"featured_media":15256,"comment_status":"open","ping_status":"closed","sticky":false,"template":"","format":"standard","meta":{"footnotes":""},"categories":[7,34],"tags":[],"class_list":["post-15255","post","type-post","status-publish","format-standard","has-post-thumbnail","hentry","category-atacama","category-mineria"],"_links":{"self":[{"href":"https:\/\/www.radioamigavallenar.cl\/index.php?rest_route=\/wp\/v2\/posts\/15255","targetHints":{"allow":["GET"]}}],"collection":[{"href":"https:\/\/www.radioamigavallenar.cl\/index.php?rest_route=\/wp\/v2\/posts"}],"about":[{"href":"https:\/\/www.radioamigavallenar.cl\/index.php?rest_route=\/wp\/v2\/types\/post"}],"author":[{"embeddable":true,"href":"https:\/\/www.radioamigavallenar.cl\/index.php?rest_route=\/wp\/v2\/users\/2"}],"replies":[{"embeddable":true,"href":"https:\/\/www.radioamigavallenar.cl\/index.php?rest_route=%2Fwp%2Fv2%2Fcomments&post=15255"}],"version-history":[{"count":0,"href":"https:\/\/www.radioamigavallenar.cl\/index.php?rest_route=\/wp\/v2\/posts\/15255\/revisions"}],"wp:featuredmedia":[{"embeddable":true,"href":"https:\/\/www.radioamigavallenar.cl\/index.php?rest_route=\/wp\/v2\/media\/15256"}],"wp:attachment":[{"href":"https:\/\/www.radioamigavallenar.cl\/index.php?rest_route=%2Fwp%2Fv2%2Fmedia&parent=15255"}],"wp:term":[{"taxonomy":"category","embeddable":true,"href":"https:\/\/www.radioamigavallenar.cl\/index.php?rest_route=%2Fwp%2Fv2%2Fcategories&post=15255"},{"taxonomy":"post_tag","embeddable":true,"href":"https:\/\/www.radioamigavallenar.cl\/index.php?rest_route=%2Fwp%2Fv2%2Ftags&post=15255"}],"curies":[{"name":"wp","href":"https:\/\/api.w.org\/{rel}","templated":true}]}}