{"id":15204,"date":"2019-08-04T10:42:35","date_gmt":"2019-08-04T14:42:35","guid":{"rendered":"https:\/\/www.radioamigavallenar.cl\/?p=15204"},"modified":"2019-08-04T10:42:36","modified_gmt":"2019-08-04T14:42:36","slug":"convocan-a-participar-en-concurso-fondos-de-cultura-en-atacama","status":"publish","type":"post","link":"https:\/\/www.radioamigavallenar.cl\/?p=15204","title":{"rendered":"Convocan a participar en concurso Fondos de Cultura en Atacama"},"content":{"rendered":"\n<div class=\"wp-block-image\"><figure class=\"aligncenter is-resized\"><img loading=\"lazy\" decoding=\"async\" src=\"https:\/\/www.radioamigavallenar.cl\/wp-content\/uploads\/2019\/08\/SENAPA-1024x927.png\" alt=\"\" class=\"wp-image-15205\" width=\"517\" height=\"468\" srcset=\"https:\/\/www.radioamigavallenar.cl\/wp-content\/uploads\/2019\/08\/SENAPA-1024x927.png 1024w, https:\/\/www.radioamigavallenar.cl\/wp-content\/uploads\/2019\/08\/SENAPA-300x272.png 300w, https:\/\/www.radioamigavallenar.cl\/wp-content\/uploads\/2019\/08\/SENAPA-768x695.png 768w, https:\/\/www.radioamigavallenar.cl\/wp-content\/uploads\/2019\/08\/SENAPA.png 1034w\" sizes=\"auto, (max-width: 517px) 100vw, 517px\" \/><\/figure><\/div>\n\n\n\n<p>El director del Museo Regional de Atacama y Coordinador Regional del Servicio Nacional del Patrimonio Cultural, Guillermo Cort\u00e9s Lutz inform\u00f3 de la convocatoria a participar de un nuevo concurso de financiamiento cultural.\u00a0\u201cTenemos el concursos denominado \u2018Fondos Cultura\u2019, de Patrimonio Cultural.<\/p>\n\n\n\n<p>Las postulaciones est\u00e1n abiertas est\u00e1n en l\u00ednea pero tambi\u00e9n pueden retirar los tr\u00edpticos en el Museo Regional de Atacama. Este consiste en la entrega de dinero para proyectos de car\u00e1cter cultural inmaterial y tambi\u00e9n para proyectos que tengan relaci\u00f3n con reposici\u00f3n y puesta en valor de sitios de inter\u00e9s hist\u00f3rico; tengan estos protecci\u00f3n o no\u201d, indic\u00f3.<\/p>\n\n\n\n<p>Agreg\u00f3 que \u201ca este concurso pueden postular colegios, universidades, pueblo originarios; porque al poner en valor estos sitios de inter\u00e9s hist\u00f3rico. Tambi\u00e9n pueden ser sitios con declaratoria, pero ampliamos los fondos a sitios que no tengan la declaratoria de patrimonio, de manera de ir fortaleciendo y haciendo una puesta en valor; haciendo una especie de conservaci\u00f3n preventiva a todos aquellos inmuebles que est\u00e1n en malas condiciones y que pudiesen ser con esto reparados. En el tema de patrimonio inmaterial tiene que ver con poner en valor algunos oficios, algunas artes, algunos; como por ejemplo los bailes chinos, en la artesan\u00eda. Entonces estos Fondos de Cultura-, que por primera vez se ponen a disposici\u00f3n del p\u00fablico, nos pueden servir efectivamente para comenzar a generar potencialidad y puesta en valor con respecto al patrimonio material y el patrimonio inmaterial que tiene que ver con toda la creaci\u00f3n art\u00edstica cultural que tiene la regi\u00f3n de Atacama\u201d.\u00a0<\/p>\n\n\n\n<p>La postulaci\u00f3n se inici\u00f3 el 8 de julio y se prolonga hasta el 12 de septiembre del a\u00f1o curso.\u00a0Apunt\u00f3 Cort\u00e9s Lutz que para el viernes 9 de agosto en el Museo Regional de Atacama se desarrollar\u00e1 una jornada de capacitaci\u00f3n para todos interesados en participar del proceso.\u00a0Los montos a nivel regional son hasta $70 millones en obras y en dise\u00f1o de hasta $25 millones.<\/p>\n","protected":false},"excerpt":{"rendered":"<p>El director del Museo Regional de Atacama y Coordinador Regional del Servicio Nacional del Patrimonio Cultural, Guillermo Cort\u00e9s Lutz inform\u00f3 de la convocatoria a participar&hellip; <\/p>\n","protected":false},"author":2,"featured_media":15205,"comment_status":"open","ping_status":"closed","sticky":false,"template":"","format":"standard","meta":{"footnotes":""},"categories":[7,9],"tags":[],"class_list":["post-15204","post","type-post","status-publish","format-standard","has-post-thumbnail","hentry","category-atacama","category-cultura"],"_links":{"self":[{"href":"https:\/\/www.radioamigavallenar.cl\/index.php?rest_route=\/wp\/v2\/posts\/15204","targetHints":{"allow":["GET"]}}],"collection":[{"href":"https:\/\/www.radioamigavallenar.cl\/index.php?rest_route=\/wp\/v2\/posts"}],"about":[{"href":"https:\/\/www.radioamigavallenar.cl\/index.php?rest_route=\/wp\/v2\/types\/post"}],"author":[{"embeddable":true,"href":"https:\/\/www.radioamigavallenar.cl\/index.php?rest_route=\/wp\/v2\/users\/2"}],"replies":[{"embeddable":true,"href":"https:\/\/www.radioamigavallenar.cl\/index.php?rest_route=%2Fwp%2Fv2%2Fcomments&post=15204"}],"version-history":[{"count":0,"href":"https:\/\/www.radioamigavallenar.cl\/index.php?rest_route=\/wp\/v2\/posts\/15204\/revisions"}],"wp:featuredmedia":[{"embeddable":true,"href":"https:\/\/www.radioamigavallenar.cl\/index.php?rest_route=\/wp\/v2\/media\/15205"}],"wp:attachment":[{"href":"https:\/\/www.radioamigavallenar.cl\/index.php?rest_route=%2Fwp%2Fv2%2Fmedia&parent=15204"}],"wp:term":[{"taxonomy":"category","embeddable":true,"href":"https:\/\/www.radioamigavallenar.cl\/index.php?rest_route=%2Fwp%2Fv2%2Fcategories&post=15204"},{"taxonomy":"post_tag","embeddable":true,"href":"https:\/\/www.radioamigavallenar.cl\/index.php?rest_route=%2Fwp%2Fv2%2Ftags&post=15204"}],"curies":[{"name":"wp","href":"https:\/\/api.w.org\/{rel}","templated":true}]}}