{"id":15197,"date":"2019-08-04T10:22:33","date_gmt":"2019-08-04T14:22:33","guid":{"rendered":"https:\/\/www.radioamigavallenar.cl\/?p=15197"},"modified":"2019-08-04T10:22:34","modified_gmt":"2019-08-04T14:22:34","slug":"ganancias-de-grupo-cap-se-desplomaron-arrastradas-por-paralizacion-de-puerto-guacolda-ii","status":"publish","type":"post","link":"https:\/\/www.radioamigavallenar.cl\/?p=15197","title":{"rendered":"Ganancias de grupo CAP se desplomaron arrastradas por paralizaci\u00f3n de puerto Guacolda II"},"content":{"rendered":"\n<div class=\"wp-block-image\"><figure class=\"aligncenter is-resized\"><img loading=\"lazy\" decoding=\"async\" src=\"https:\/\/www.radioamigavallenar.cl\/wp-content\/uploads\/2019\/08\/foto_0000000220190801204720.jpg\" alt=\"\" class=\"wp-image-15199\" width=\"558\" height=\"371\" srcset=\"https:\/\/www.radioamigavallenar.cl\/wp-content\/uploads\/2019\/08\/foto_0000000220190801204720.jpg 600w, https:\/\/www.radioamigavallenar.cl\/wp-content\/uploads\/2019\/08\/foto_0000000220190801204720-300x200.jpg 300w\" sizes=\"auto, (max-width: 558px) 100vw, 558px\" \/><\/figure><\/div>\n\n\n\n<p>El grupo anot\u00f3 una utilidad neta de US$830 millones el primer semestre que se compara con ganancias por US$60.204 anotada en igual lapso del a\u00f1o anterior.<\/p>\n\n\n\n<p>Las ganancias del grupo CAP registraron un fuerte retroceso el primer semestre debido al impacto de la paralizaci\u00f3n del puerto Guacolda II de CAP Miner\u00eda (CMP) tras el accidente ocurrido el 21 de noviembre de 2018 en el cargador de barcos del terminal.<\/p>\n\n\n\n<p>El grupo anot\u00f3 una utilidad neta de US$830 millones el primer semestre que se compara con ganancias por US$60.204 anotada en igual lapso del a\u00f1o anterior.<\/p>\n\n\n\n<p>Los ingresos y Ebitda Ebitda (ganancias antes de intereses, impuestos, depreciaci\u00f3n y amortizaci\u00f3n) alcanzaron a US$ 809.662 millones y US$ 145.082 millones, representando disminuciones de 16,4% y 45,6% frente al segundo semestre de 2018.<\/p>\n\n\n\n<p>En tanto los ingresos y Ebitda de CAP Miner\u00eda (CMP), llegaron a US$ 392.644 millones y US$ 129.542 millones, lo que implic\u00f3 retrocesos de 26,0% y 34,2% al compararlos con los registrados en los primeros seis meses del a\u00f1o pasado.<\/p>\n\n\n\n<p>En CAP Acero (CSH) el Ebitda anot\u00f3 una p\u00e9rdida de US$21.232 millones afectados en parte<br>por el menor abastecimiento de pellets de la compa\u00f1\u00eda minera a causa de la paralizaci\u00f3n de Guacolda y de una situaci\u00f3n similar en el Alto Horno Nro. 1, que ces\u00f3 de operar en marzo de 2019.<\/p>\n\n\n\n<p>Respecto a esto \u00faltimo la compa\u00f1\u00eda record\u00f3 que Alto Horno Nro. 2 volvi\u00f3 a operar en abril.<\/p>\n","protected":false},"excerpt":{"rendered":"<p>El grupo anot\u00f3 una utilidad neta de US$830 millones el primer semestre que se compara con ganancias por US$60.204 anotada en igual lapso del a\u00f1o&hellip; <\/p>\n","protected":false},"author":2,"featured_media":15199,"comment_status":"open","ping_status":"closed","sticky":false,"template":"","format":"standard","meta":{"footnotes":""},"categories":[7,34],"tags":[],"class_list":["post-15197","post","type-post","status-publish","format-standard","has-post-thumbnail","hentry","category-atacama","category-mineria"],"_links":{"self":[{"href":"https:\/\/www.radioamigavallenar.cl\/index.php?rest_route=\/wp\/v2\/posts\/15197","targetHints":{"allow":["GET"]}}],"collection":[{"href":"https:\/\/www.radioamigavallenar.cl\/index.php?rest_route=\/wp\/v2\/posts"}],"about":[{"href":"https:\/\/www.radioamigavallenar.cl\/index.php?rest_route=\/wp\/v2\/types\/post"}],"author":[{"embeddable":true,"href":"https:\/\/www.radioamigavallenar.cl\/index.php?rest_route=\/wp\/v2\/users\/2"}],"replies":[{"embeddable":true,"href":"https:\/\/www.radioamigavallenar.cl\/index.php?rest_route=%2Fwp%2Fv2%2Fcomments&post=15197"}],"version-history":[{"count":0,"href":"https:\/\/www.radioamigavallenar.cl\/index.php?rest_route=\/wp\/v2\/posts\/15197\/revisions"}],"wp:featuredmedia":[{"embeddable":true,"href":"https:\/\/www.radioamigavallenar.cl\/index.php?rest_route=\/wp\/v2\/media\/15199"}],"wp:attachment":[{"href":"https:\/\/www.radioamigavallenar.cl\/index.php?rest_route=%2Fwp%2Fv2%2Fmedia&parent=15197"}],"wp:term":[{"taxonomy":"category","embeddable":true,"href":"https:\/\/www.radioamigavallenar.cl\/index.php?rest_route=%2Fwp%2Fv2%2Fcategories&post=15197"},{"taxonomy":"post_tag","embeddable":true,"href":"https:\/\/www.radioamigavallenar.cl\/index.php?rest_route=%2Fwp%2Fv2%2Ftags&post=15197"}],"curies":[{"name":"wp","href":"https:\/\/api.w.org\/{rel}","templated":true}]}}