{"id":15151,"date":"2019-08-02T00:00:20","date_gmt":"2019-08-02T04:00:20","guid":{"rendered":"https:\/\/www.radioamigavallenar.cl\/?p=15151"},"modified":"2019-08-01T21:42:35","modified_gmt":"2019-08-02T01:42:35","slug":"cap-mineria-hace-declaracion-publica-tras-derrame-de-concentrado-de-hierro-desde-un-ducto-propiedad-de-la-mina-cerro-negro-norte","status":"publish","type":"post","link":"https:\/\/www.radioamigavallenar.cl\/?p=15151","title":{"rendered":"CAP Miner\u00eda hace declaraci\u00f3n publica tras derrame de Concentrado de Hierro desde un ducto, propiedad de la mina Cerro Negro Norte."},"content":{"rendered":"\n<div class=\"wp-block-image\"><figure class=\"aligncenter is-resized\"><img loading=\"lazy\" decoding=\"async\" src=\"https:\/\/www.radioamigavallenar.cl\/wp-content\/uploads\/2019\/08\/file_20190328100043.jpg\" alt=\"\" class=\"wp-image-15152\" width=\"525\" height=\"396\" srcset=\"https:\/\/www.radioamigavallenar.cl\/wp-content\/uploads\/2019\/08\/file_20190328100043.jpg 820w, https:\/\/www.radioamigavallenar.cl\/wp-content\/uploads\/2019\/08\/file_20190328100043-300x227.jpg 300w, https:\/\/www.radioamigavallenar.cl\/wp-content\/uploads\/2019\/08\/file_20190328100043-768x581.jpg 768w\" sizes=\"auto, (max-width: 525px) 100vw, 525px\" \/><\/figure><\/div>\n\n\n\n<p><strong>DECLARACI\u00d3N PUBLICA<\/strong><\/p>\n\n\n\n<p>Ayer, pasadas las 11 de la ma\u00f1ana, el concentraducto subterr\u00e1neo que transporta mineral de fierro magn\u00e9tico de la Mina Cerro Negro Norte, experiment\u00f3 una rotura a la altura del kil\u00f3metro 34, vertiendo una porci\u00f3n de dicho material en la servidumbre del ducto. <\/p>\n\n\n\n<p>Dicha rotura fue detectada de\nmanera inmediata por personal de CAP Miner\u00eda y se realizaron todas las labores\ncontempladas en el Plan de Emergencia, como dar aviso inmediato a las\nautoridades correspondientes y trasladar al lugar personal especializado, equipos\nde gesti\u00f3n ambiental, prevenci\u00f3n, seguridad y operaci\u00f3n de la compa\u00f1\u00eda.<\/p>\n\n\n\n<p>El personal desplegado en terreno\nrealiz\u00f3 las obras necesarias para la contenci\u00f3n del derrame en el \u00e1rea de\nservidumbre del ducto. <\/p>\n\n\n\n<p>Cabe se\u00f1alar que el material\ntransportado por el ducto minero corresponde a pulpa de mineral de hierro\nmezclado con agua. El fierro magn\u00e9tico transportado es un mineral inerte e\ninocuo, por lo&nbsp; que no es una situaci\u00f3n\nque implique riesgo significativo para las personas o el medio ambiente.<\/p>\n\n\n\n<p>La situaci\u00f3n ser\u00e1 regularizada\ndurante las pr\u00f3ximas horas, realizando una limpieza con especialistas\nambientales para evitar cualquier impacto en el entorno, y todas las acciones\noperacionales inmediatas como corte de flujo, despeje de ca\u00f1er\u00eda, del lugar y\nlimpieza del sector. <\/p>\n\n\n\n<p>En las pr\u00f3ximas semanas CAP\nMiner\u00eda comenzar\u00e1 los trabajos para el cambio completo y mejoramiento de este\nconcentraducto, proyecto que se est\u00e1 desarrollando considerando los mejores\nequipos y especialistas.<\/p>\n","protected":false},"excerpt":{"rendered":"<p>DECLARACI\u00d3N PUBLICA Ayer, pasadas las 11 de la ma\u00f1ana, el concentraducto subterr\u00e1neo que transporta mineral de fierro magn\u00e9tico de la Mina Cerro Negro Norte, experiment\u00f3&hellip; <\/p>\n","protected":false},"author":2,"featured_media":15152,"comment_status":"open","ping_status":"closed","sticky":false,"template":"","format":"standard","meta":{"footnotes":""},"categories":[7,34],"tags":[],"class_list":["post-15151","post","type-post","status-publish","format-standard","has-post-thumbnail","hentry","category-atacama","category-mineria"],"_links":{"self":[{"href":"https:\/\/www.radioamigavallenar.cl\/index.php?rest_route=\/wp\/v2\/posts\/15151","targetHints":{"allow":["GET"]}}],"collection":[{"href":"https:\/\/www.radioamigavallenar.cl\/index.php?rest_route=\/wp\/v2\/posts"}],"about":[{"href":"https:\/\/www.radioamigavallenar.cl\/index.php?rest_route=\/wp\/v2\/types\/post"}],"author":[{"embeddable":true,"href":"https:\/\/www.radioamigavallenar.cl\/index.php?rest_route=\/wp\/v2\/users\/2"}],"replies":[{"embeddable":true,"href":"https:\/\/www.radioamigavallenar.cl\/index.php?rest_route=%2Fwp%2Fv2%2Fcomments&post=15151"}],"version-history":[{"count":0,"href":"https:\/\/www.radioamigavallenar.cl\/index.php?rest_route=\/wp\/v2\/posts\/15151\/revisions"}],"wp:featuredmedia":[{"embeddable":true,"href":"https:\/\/www.radioamigavallenar.cl\/index.php?rest_route=\/wp\/v2\/media\/15152"}],"wp:attachment":[{"href":"https:\/\/www.radioamigavallenar.cl\/index.php?rest_route=%2Fwp%2Fv2%2Fmedia&parent=15151"}],"wp:term":[{"taxonomy":"category","embeddable":true,"href":"https:\/\/www.radioamigavallenar.cl\/index.php?rest_route=%2Fwp%2Fv2%2Fcategories&post=15151"},{"taxonomy":"post_tag","embeddable":true,"href":"https:\/\/www.radioamigavallenar.cl\/index.php?rest_route=%2Fwp%2Fv2%2Ftags&post=15151"}],"curies":[{"name":"wp","href":"https:\/\/api.w.org\/{rel}","templated":true}]}}