{"id":15007,"date":"2019-07-28T21:00:53","date_gmt":"2019-07-29T01:00:53","guid":{"rendered":"https:\/\/www.radioamigavallenar.cl\/?p=15007"},"modified":"2019-07-28T21:00:55","modified_gmt":"2019-07-29T01:00:55","slug":"gobierno-regional-defiende-presupuesto-para-el-2020","status":"publish","type":"post","link":"https:\/\/www.radioamigavallenar.cl\/?p=15007","title":{"rendered":"Gobierno Regional defiende presupuesto para el 2020"},"content":{"rendered":"\n<div class=\"wp-block-image\"><figure class=\"aligncenter is-resized\"><img loading=\"lazy\" decoding=\"async\" src=\"https:\/\/www.radioamigavallenar.cl\/wp-content\/uploads\/2019\/07\/Defensa-presupuesto-1024x737.jpeg\" alt=\"\" class=\"wp-image-15009\" width=\"516\" height=\"371\" srcset=\"https:\/\/www.radioamigavallenar.cl\/wp-content\/uploads\/2019\/07\/Defensa-presupuesto-1024x737.jpeg 1024w, https:\/\/www.radioamigavallenar.cl\/wp-content\/uploads\/2019\/07\/Defensa-presupuesto-300x216.jpeg 300w, https:\/\/www.radioamigavallenar.cl\/wp-content\/uploads\/2019\/07\/Defensa-presupuesto-768x553.jpeg 768w, https:\/\/www.radioamigavallenar.cl\/wp-content\/uploads\/2019\/07\/Defensa-presupuesto.jpeg 1142w\" sizes=\"auto, (max-width: 516px) 100vw, 516px\" \/><\/figure><\/div>\n\n\n\n<p> En el Ministerio de Hacienda, el Intendente Urquieta, junto a un equipo del GORE y representantes del Consejo Regional presentaron la propuesta del proyecto presupuestario para el pr\u00f3ximo a\u00f1o. <\/p>\n\n\n\n<p>Durante esta semana, en oficinas de la Direcci\u00f3n de Presupuesto, (DIPRES), en Santiago, una delegaci\u00f3n del Gobierno Regional encabezada por el Intendente de Atacama, Patricio Urquieta, y el Presidente del Consejo Regional, Javier Castillo presentaron el presupuesto proyectado por el Gobierno Regional para el a\u00f1o 2020 que asciende a m\u00e1s de M$ 88 millones sustentado en una cartera de 24 nuevos proyectos.<\/p>\n\n\n\n<p>Sobre esta jornada, el Intendente, Patricio Urquieta, dijo que \u201cjunto a representantes del Consejo Regional, presentamos en el Ministerio de Hacienda el proyecto de presupuesto 2020 para la Regi\u00f3n de Atacama, cuyo esp\u00edritu es dar un nuevo impulso a nuestra econom\u00eda regional, tal como lo ha pedido el Presidente Pi\u00f1era, que nos permita seguir recuperando las capacidades perdidas en los aluviones, integrar mejor a las distintas comunas y localidades de la regi\u00f3n, fortalecer la red de atenci\u00f3n p\u00fablica, tanto en salud como en seguridad, y potenciar el emprendimiento y la innovaci\u00f3n\u201d.<\/p>\n\n\n\n<figure class=\"wp-block-audio\"><audio controls src=\"https:\/\/www.radioamigavallenar.cl\/wp-content\/uploads\/2019\/07\/Defensa-presupuesto-Intendente.mp3\"><\/audio><\/figure>\n\n\n\n<p>Dentro de la cartera de proyectos presentada, se encuentra la construcci\u00f3n del Hospital de Diego de Almagro, la conservaci\u00f3n de caminos b\u00e1sicos en la regi\u00f3n, la construcci\u00f3n del vertedero de Huasco, la conservaci\u00f3n de la ruta costera Caldera-Barranquilla, la construcci\u00f3n del Museo Regional, el Parque El Pretil, los consistoriales de Tierra Amarilla y Cha\u00f1aral, entre otros.<\/p>\n\n\n\n<p>El Presidente del Consejo Regional, Javier Castillo se\u00f1al\u00f3 que \u201cel equipo del Gobierno Regional hizo defensa del presupuesto 2020, en unidad de acci\u00f3n y con un compromiso absoluto con Atacama, con s\u00f3lidos argumentos basados en la imperiosa necesidad de seguir construyendo condiciones para que nuestra m\u00e1gica regi\u00f3n pueda consolidar todo su potencial y proyectarse a un futuro transformador\u201d agregando que \u201ceste presupuesto no solo cuenta con solidez t\u00e9cnica que garantiza su ejecuci\u00f3n, sino tambi\u00e9n con el apoyo transversal de la mayor\u00eda de los consejeros regionales, leg\u00edtimos representantes del sentir popular en cada espacio del territorio de Atacama\u201d.<\/p>\n\n\n\n<p>Como parte de la delegaci\u00f3n que present\u00f3 esta cartera de proyectos, asistieron adem\u00e1s los Jefes de Divisi\u00f3n del Gobierno Regional, el Jefe Regional de la Subdere y el Presidente de Inversiones del Consejo Regional, Gabriel M\u00e1nquez.<\/p>\n\n\n\n<p>Por su parte, Luis Morales, Jefe de la Unidad Regional de la Subsecretar\u00eda de Desarrollo Regional y Administrativo, manifest\u00f3 que \u201cen el marco de la discusi\u00f3n presupuestaria 2020 con Dipres, de manera transversal hemos destacado las prioridades de las personas de Atacama en materias de salud, infraestructura, educaci\u00f3n, vivienda y fomento. Como Gobierno tenemos la convicci\u00f3n de que trabajando unidos construimos d\u00eda a d\u00eda una mejor regi\u00f3n\u201d.<\/p>\n","protected":false},"excerpt":{"rendered":"<p>En el Ministerio de Hacienda, el Intendente Urquieta, junto a un equipo del GORE y representantes del Consejo Regional presentaron la propuesta del proyecto presupuestario&hellip; <\/p>\n","protected":false},"author":2,"featured_media":15009,"comment_status":"open","ping_status":"closed","sticky":false,"template":"","format":"standard","meta":{"footnotes":""},"categories":[7],"tags":[],"class_list":["post-15007","post","type-post","status-publish","format-standard","has-post-thumbnail","hentry","category-atacama"],"_links":{"self":[{"href":"https:\/\/www.radioamigavallenar.cl\/index.php?rest_route=\/wp\/v2\/posts\/15007","targetHints":{"allow":["GET"]}}],"collection":[{"href":"https:\/\/www.radioamigavallenar.cl\/index.php?rest_route=\/wp\/v2\/posts"}],"about":[{"href":"https:\/\/www.radioamigavallenar.cl\/index.php?rest_route=\/wp\/v2\/types\/post"}],"author":[{"embeddable":true,"href":"https:\/\/www.radioamigavallenar.cl\/index.php?rest_route=\/wp\/v2\/users\/2"}],"replies":[{"embeddable":true,"href":"https:\/\/www.radioamigavallenar.cl\/index.php?rest_route=%2Fwp%2Fv2%2Fcomments&post=15007"}],"version-history":[{"count":0,"href":"https:\/\/www.radioamigavallenar.cl\/index.php?rest_route=\/wp\/v2\/posts\/15007\/revisions"}],"wp:featuredmedia":[{"embeddable":true,"href":"https:\/\/www.radioamigavallenar.cl\/index.php?rest_route=\/wp\/v2\/media\/15009"}],"wp:attachment":[{"href":"https:\/\/www.radioamigavallenar.cl\/index.php?rest_route=%2Fwp%2Fv2%2Fmedia&parent=15007"}],"wp:term":[{"taxonomy":"category","embeddable":true,"href":"https:\/\/www.radioamigavallenar.cl\/index.php?rest_route=%2Fwp%2Fv2%2Fcategories&post=15007"},{"taxonomy":"post_tag","embeddable":true,"href":"https:\/\/www.radioamigavallenar.cl\/index.php?rest_route=%2Fwp%2Fv2%2Ftags&post=15007"}],"curies":[{"name":"wp","href":"https:\/\/api.w.org\/{rel}","templated":true}]}}