{"id":15004,"date":"2019-07-28T20:54:10","date_gmt":"2019-07-29T00:54:10","guid":{"rendered":"https:\/\/www.radioamigavallenar.cl\/?p=15004"},"modified":"2019-07-28T20:54:11","modified_gmt":"2019-07-29T00:54:11","slug":"fiscalia-dirige-investigaciones-por-casos-de-homicidio-ocurridos-en-vallenar","status":"publish","type":"post","link":"https:\/\/www.radioamigavallenar.cl\/?p=15004","title":{"rendered":"Fiscal\u00eda dirige investigaciones por casos de homicidio ocurridos en Vallenar."},"content":{"rendered":"\n<div class=\"wp-block-image\"><figure class=\"aligncenter is-resized\"><img loading=\"lazy\" decoding=\"async\" src=\"https:\/\/www.radioamigavallenar.cl\/wp-content\/uploads\/2019\/07\/FISCALIA4-1024x683.jpg\" alt=\"\" class=\"wp-image-15005\" width=\"538\" height=\"358\" srcset=\"https:\/\/www.radioamigavallenar.cl\/wp-content\/uploads\/2019\/07\/FISCALIA4-1024x683.jpg 1024w, https:\/\/www.radioamigavallenar.cl\/wp-content\/uploads\/2019\/07\/FISCALIA4-300x200.jpg 300w, https:\/\/www.radioamigavallenar.cl\/wp-content\/uploads\/2019\/07\/FISCALIA4-768x512.jpg 768w, https:\/\/www.radioamigavallenar.cl\/wp-content\/uploads\/2019\/07\/FISCALIA4.jpg 1920w\" sizes=\"auto, (max-width: 538px) 100vw, 538px\" \/><\/figure><\/div>\n\n\n\n<p> Fiscal de turno, Luis Zepeda Rodr\u00edguez, orden\u00f3 trabajo investigativo a la PDI y Carabineros. Una de las v\u00edctimas muri\u00f3 tras ser atacado con un arma blanca, mientras que el segundo lesionado se mantiene con riesgo vital. <\/p>\n\n\n\n<p>La Fiscal\u00eda de Atacama est\u00e1 dirigiendo amplias investigaciones luego de dos casos de homicidios, uno consumado y otro frustrado, ocurrido la tarde de este s\u00e1bado en Vallenar.<\/p>\n\n\n\n<p>De acuerdo a los antecedentes preliminares de estos casos, aportadas por el fiscal de turno Luis Zepeda Rodr\u00edguez, se trata de dos casos que no tienen relaciones entre ellos y que ocurrieron con pocas horas de diferencia en la capital de la Provincia del Huasco.<\/p>\n\n\n\n<p>Respecto del primer hecho, pasadas las 18 horas en el sector de la calle Brasil, se gener\u00f3 una ri\u00f1a entre dos personas que se encontraban en estado de ebriedad, ocasi\u00f3n en que uno de ellos empuj\u00f3 con fuerza a su oponente ocasionando que \u00e9ste cayera al suelo y golpeara violentamente su cabeza. Esta agresi\u00f3n motiv\u00f3 que el afectado sufriera lesiones de gravedad que lo mantienen con riesgo vital en el Hospital Regional de Copiap\u00f3, donde tuvo que ser trasladado de urgencia. En este caso se concret\u00f3 la detenci\u00f3n del responsable, cuya detenci\u00f3n fue ampliada hasta este mi\u00e9rcoles con la finalidad de reunir m\u00e1s antecedentes del caso y esperar la evoluci\u00f3n de las lesiones de la v\u00edctima.<\/p>\n\n\n\n<p><strong>HOMICIDIO CONSUMADO<\/strong><\/p>\n\n\n\n<p>Horas m\u00e1s tarde, de acuerdo a los antecedentes que hasta ahora se manejan, un hombre permanec\u00eda en las afueras de su domicilio ubicado en la calle Pedro Mart\u00ednez de esta ciudad. Lugar hasta donde llegaron dos sujetos, origin\u00e1ndose una discusi\u00f3n por rencillas anteriores que tendr\u00edan su origen en la c\u00e1rcel de la ciudad. \u201cFue en este escenario en que uno de los agresores extrajo un arma blanca con la que atac\u00f3 en el t\u00f3rax a la v\u00edctima, identificada como Alejandro Campillay Vega (28), causando lesiones que provocaron su muerte mientras era atendido en el Hospital de la ciudad\u201d, dijo el fiscal.<\/p>\n\n\n\n<p>Luis Zepeda agreg\u00f3 que orden\u00f3 diligencias investigativas a personal de la PDI y la SIP de Carabineros, logrando reunir importantes antecedentes del caso que arrojaron valiosa informaci\u00f3n para avanzar respecto de la identificaci\u00f3n de los autores de este crimen.<\/p>\n","protected":false},"excerpt":{"rendered":"<p>Fiscal de turno, Luis Zepeda Rodr\u00edguez, orden\u00f3 trabajo investigativo a la PDI y Carabineros. Una de las v\u00edctimas muri\u00f3 tras ser atacado con un arma&hellip; <\/p>\n","protected":false},"author":2,"featured_media":15005,"comment_status":"open","ping_status":"closed","sticky":false,"template":"","format":"standard","meta":{"footnotes":""},"categories":[2],"tags":[],"class_list":["post-15004","post","type-post","status-publish","format-standard","has-post-thumbnail","hentry","category-vallenar"],"_links":{"self":[{"href":"https:\/\/www.radioamigavallenar.cl\/index.php?rest_route=\/wp\/v2\/posts\/15004","targetHints":{"allow":["GET"]}}],"collection":[{"href":"https:\/\/www.radioamigavallenar.cl\/index.php?rest_route=\/wp\/v2\/posts"}],"about":[{"href":"https:\/\/www.radioamigavallenar.cl\/index.php?rest_route=\/wp\/v2\/types\/post"}],"author":[{"embeddable":true,"href":"https:\/\/www.radioamigavallenar.cl\/index.php?rest_route=\/wp\/v2\/users\/2"}],"replies":[{"embeddable":true,"href":"https:\/\/www.radioamigavallenar.cl\/index.php?rest_route=%2Fwp%2Fv2%2Fcomments&post=15004"}],"version-history":[{"count":0,"href":"https:\/\/www.radioamigavallenar.cl\/index.php?rest_route=\/wp\/v2\/posts\/15004\/revisions"}],"wp:featuredmedia":[{"embeddable":true,"href":"https:\/\/www.radioamigavallenar.cl\/index.php?rest_route=\/wp\/v2\/media\/15005"}],"wp:attachment":[{"href":"https:\/\/www.radioamigavallenar.cl\/index.php?rest_route=%2Fwp%2Fv2%2Fmedia&parent=15004"}],"wp:term":[{"taxonomy":"category","embeddable":true,"href":"https:\/\/www.radioamigavallenar.cl\/index.php?rest_route=%2Fwp%2Fv2%2Fcategories&post=15004"},{"taxonomy":"post_tag","embeddable":true,"href":"https:\/\/www.radioamigavallenar.cl\/index.php?rest_route=%2Fwp%2Fv2%2Ftags&post=15004"}],"curies":[{"name":"wp","href":"https:\/\/api.w.org\/{rel}","templated":true}]}}