{"id":14961,"date":"2019-07-27T09:33:18","date_gmt":"2019-07-27T13:33:18","guid":{"rendered":"https:\/\/www.radioamigavallenar.cl\/?p=14961"},"modified":"2019-07-27T09:33:19","modified_gmt":"2019-07-27T13:33:19","slug":"ministro-de-mineria-lanza-xvi-congreso-internacional-de-expomin-2020-denominado-la-mineria-facilitando-el-futuro","status":"publish","type":"post","link":"https:\/\/www.radioamigavallenar.cl\/?p=14961","title":{"rendered":"Ministro de Miner\u00eda lanza XVI Congreso Internacional de Expomin 2020: denominado \u201cLa miner\u00eda facilitando el futuro\u201d"},"content":{"rendered":"\n<div class=\"wp-block-image\"><figure class=\"aligncenter is-resized\"><img loading=\"lazy\" decoding=\"async\" src=\"https:\/\/www.radioamigavallenar.cl\/wp-content\/uploads\/2019\/07\/Foto-grupal-2-1024x684-1024x684.jpeg\" alt=\"\" class=\"wp-image-14962\" width=\"573\" height=\"382\" srcset=\"https:\/\/www.radioamigavallenar.cl\/wp-content\/uploads\/2019\/07\/Foto-grupal-2-1024x684.jpeg 1024w, https:\/\/www.radioamigavallenar.cl\/wp-content\/uploads\/2019\/07\/Foto-grupal-2-1024x684-300x200.jpeg 300w, https:\/\/www.radioamigavallenar.cl\/wp-content\/uploads\/2019\/07\/Foto-grupal-2-1024x684-768x513.jpeg 768w\" sizes=\"auto, (max-width: 573px) 100vw, 573px\" \/><\/figure><\/div>\n\n\n\n<p>En Expomin \u201cse plantean los nuevos desaf\u00edos de la miner\u00eda\u201d, con estas palabras el ministro de Miner\u00eda, Baldo Prokurica lanz\u00f3 el XVI Congreso Internacional Expomin 2020: \u201cLa miner\u00eda facilitando el futuro\u201d, que se realizar\u00e1 el pr\u00f3ximo a\u00f1o entre el 20 y el 24 de abril en Espacio Riesco en Santiago.<\/p>\n\n\n\n<p>La ceremonia tambi\u00e9n estuvo encabezada por el presidente ejecutivo de Antofagasta plc, Iv\u00e1n Arriagada; por el vicepresidente de Desarrollo de Negocios y Administraci\u00f3n para Sudam\u00e9rica de Freeport- McMoran, Francisco Costabal y; por el director ejecutivo de Expomin, Carlos Parada.<\/p>\n\n\n\n<p>En el lanzamiento del congreso, el ministro de Miner\u00eda, Baldo Prokurica sostuvo que en Expomin 2020 \u201cse plantear\u00e1n los nuevos desaf\u00edos de la miner\u00eda, pero adem\u00e1s de los v\u00ednculos que tenemos con la sociedad actual. Esto es parte del programa de Gobierno del Presidente Sebasti\u00e1n Pi\u00f1era de dar a conocer las oportunidades que la miner\u00eda brinda para los trabajadores de Chile y del mundo, y para luchar por los grandes desaf\u00edos que actualmente existen como el calentamiento global\u201d.<\/p>\n\n\n\n<p>El secretario de Estado destac\u00f3 que \u201cla miner\u00eda puede aportar en el avance de un planeta m\u00e1s sustentable a trav\u00e9s del desarrollo de la electromovilidad y energ\u00edas renovables\u201d. Junto con ello, destac\u00f3 el rol que ha jugado esta industria en Chile, \u201cya que en los \u00faltimos 40 a\u00f1os ha sido fundamental en la reducci\u00f3n de la pobreza\u201d.<\/p>\n\n\n\n<p>El presidente del Congreso, Francisco Costabal quien lidera la discusi\u00f3n para la conformaci\u00f3n de la tem\u00e1tica del evento y los comit\u00e9s de discusi\u00f3n, se\u00f1al\u00f3 que la Expomin 2020 es \u201cuna oportunidad \u00fanica para mostrar a nuestra comunidad los avances tecnol\u00f3gicos que est\u00e1n marcando y marcar\u00e1n tendencia en la industria minera. Avances que se hacen tangibles a trav\u00e9s de nuestros expositores, verdaderos embajadores del futuro de la miner\u00eda\u201d. Y recalc\u00f3 que estamos viviendo en un mundo de transformaciones tecnol\u00f3gicas y que la miner\u00eda no se puede quedar fuera de eso. \u201cHoy es importante tomar conciencia de lo que tenemos al frente de nuestros ojos. Tenemos la oportunidad de hacer un cambio bien pensado en nuestras labores y en todo lo que hacemos diariamente, para as\u00ed ir avanzando hacia el futuro de la miner\u00eda\u201d, sostuvo Costabal.<\/p>\n\n\n\n<p>El presidente ejecutivo de Antofagasta plc, Iv\u00e1n Arriagada, sostuvo \u201clo positivo es que ha comenzado a instalarse tambi\u00e9n en la sociedad la importancia del cobre para el desarrollo de tecnolog\u00edas indispensables en una econom\u00eda de bajas emisiones y que enfrenta el cambio clim\u00e1tico, como los veh\u00edculos el\u00e9ctricos y la generaci\u00f3n de energ\u00eda renovables. Dos temas fundamentales en las discusiones de la COP 25, reuni\u00f3n que se realizar\u00e1 en Santiago a fin fines de a\u00f1o. Y agreg\u00f3 que \u201cpor eso, este Congreso Expomin, que en 2020 llega a su XVI versi\u00f3n, nos entrega otra oportunidad para detenernos a pensar sobre nuestra actividad y proyectar su futuro\u201d.<\/p>\n\n\n\n<p>El congreso 2020 reunir\u00e1 8 seminarios enfocados en analizar los principales desaf\u00edos del sector minero donde las tem\u00e1ticas ser\u00e1n: Miner\u00eda en las Am\u00e9ricas; Entorno y proyectos y abastecimiento; Innovaci\u00f3n y productividad; Mujer y miner\u00eda; Digitalizaci\u00f3n y automatizaci\u00f3n; Cliente y mercado; Miner\u00eda en Las Am\u00e9ricas; Abastecimiento y Agregar valora los residuos mineros.<\/p>\n\n\n\n<p><strong>Presentaci\u00f3n de la feria<\/strong><\/p>\n\n\n\n<p>En el marco del lanzamiento del Congreso, el director ejecutivo de Expomin, Carlos Parada, dio a conocer los detalles de lo que tendr\u00e1 la exhibici\u00f3n minera que se realizar\u00e1 entre el 20 y 24 de abril del pr\u00f3ximo a\u00f1o.<\/p>\n\n\n\n<p>En la oportunidad destac\u00f3 que \u201cExpomin abordar\u00e1 todos los temas que son preocupaci\u00f3n de la industria y queremos sacar conclusiones y que \u00e9stas tengan una consecuencia positiva y que no queden solamente como una gran reuni\u00f3n\u201d.<\/p>\n\n\n\n<p>El director ejecutivo de Expomin inform\u00f3 que \u201cel mundo de la miner\u00eda se reunir\u00e1 en abril de 2020 durante 5 d\u00edas y es ah\u00ed donde est\u00e1 la tecnolog\u00eda que representa a todos los pa\u00edses que tienen ofertas respecto a la miner\u00eda. Porque este sector es relevante para el desarrollo de la sociedad en general\u201d.<\/p>\n","protected":false},"excerpt":{"rendered":"<p>En Expomin \u201cse plantean los nuevos desaf\u00edos de la miner\u00eda\u201d, con estas palabras el ministro de Miner\u00eda, Baldo Prokurica lanz\u00f3 el XVI Congreso Internacional Expomin&hellip; <\/p>\n","protected":false},"author":2,"featured_media":14962,"comment_status":"open","ping_status":"closed","sticky":false,"template":"","format":"standard","meta":{"footnotes":""},"categories":[34],"tags":[],"class_list":["post-14961","post","type-post","status-publish","format-standard","has-post-thumbnail","hentry","category-mineria"],"_links":{"self":[{"href":"https:\/\/www.radioamigavallenar.cl\/index.php?rest_route=\/wp\/v2\/posts\/14961","targetHints":{"allow":["GET"]}}],"collection":[{"href":"https:\/\/www.radioamigavallenar.cl\/index.php?rest_route=\/wp\/v2\/posts"}],"about":[{"href":"https:\/\/www.radioamigavallenar.cl\/index.php?rest_route=\/wp\/v2\/types\/post"}],"author":[{"embeddable":true,"href":"https:\/\/www.radioamigavallenar.cl\/index.php?rest_route=\/wp\/v2\/users\/2"}],"replies":[{"embeddable":true,"href":"https:\/\/www.radioamigavallenar.cl\/index.php?rest_route=%2Fwp%2Fv2%2Fcomments&post=14961"}],"version-history":[{"count":0,"href":"https:\/\/www.radioamigavallenar.cl\/index.php?rest_route=\/wp\/v2\/posts\/14961\/revisions"}],"wp:featuredmedia":[{"embeddable":true,"href":"https:\/\/www.radioamigavallenar.cl\/index.php?rest_route=\/wp\/v2\/media\/14962"}],"wp:attachment":[{"href":"https:\/\/www.radioamigavallenar.cl\/index.php?rest_route=%2Fwp%2Fv2%2Fmedia&parent=14961"}],"wp:term":[{"taxonomy":"category","embeddable":true,"href":"https:\/\/www.radioamigavallenar.cl\/index.php?rest_route=%2Fwp%2Fv2%2Fcategories&post=14961"},{"taxonomy":"post_tag","embeddable":true,"href":"https:\/\/www.radioamigavallenar.cl\/index.php?rest_route=%2Fwp%2Fv2%2Ftags&post=14961"}],"curies":[{"name":"wp","href":"https:\/\/api.w.org\/{rel}","templated":true}]}}