{"id":14751,"date":"2019-07-21T21:40:15","date_gmt":"2019-07-22T01:40:15","guid":{"rendered":"https:\/\/www.radioamigavallenar.cl\/?p=14751"},"modified":"2019-07-21T21:40:16","modified_gmt":"2019-07-22T01:40:16","slug":"gobierno-invita-a-primer-encuentro-de-capacitacion-para-dirigentes-de-consejos-comunales-de-la-sociedad-civil","status":"publish","type":"post","link":"https:\/\/www.radioamigavallenar.cl\/?p=14751","title":{"rendered":"Gobierno invita a \u201cprimer encuentro\u201d de capacitaci\u00f3n para dirigentes de Consejos Comunales de la Sociedad Civil"},"content":{"rendered":"\n<figure class=\"wp-block-image\"><img loading=\"lazy\" decoding=\"async\" width=\"920\" height=\"541\" src=\"https:\/\/www.radioamigavallenar.cl\/wp-content\/uploads\/2019\/07\/Seremi-y-Subdere.jpg\" alt=\"\" class=\"wp-image-14752\" srcset=\"https:\/\/www.radioamigavallenar.cl\/wp-content\/uploads\/2019\/07\/Seremi-y-Subdere.jpg 920w, https:\/\/www.radioamigavallenar.cl\/wp-content\/uploads\/2019\/07\/Seremi-y-Subdere-300x176.jpg 300w, https:\/\/www.radioamigavallenar.cl\/wp-content\/uploads\/2019\/07\/Seremi-y-Subdere-768x452.jpg 768w\" sizes=\"auto, (max-width: 920px) 100vw, 920px\" \/><\/figure>\n\n\n\n<p>La actividad se realizar\u00e1 este viernes 26 de julio de 2019 a las 14:30 horas en el Sal\u00f3n Jos\u00e9 Joaqu\u00edn Vallejos ubicado en calle Colipi N\u00b0565, Copiap\u00f3.<\/p>\n\n\n\n<p>La Secretaria Regional Ministerial de Gobierno, Mar\u00eda Francisca Plaza Velis y el Jefe de la Subsecretaria de Desarrollo Regional y Administrativo, Luis Morales Vergara, instaron a los l\u00edderes sociales a participar en el primer encuentro regional 2019 de capacitaci\u00f3n para dirigentes de los Consejos Comunales de la Sociedad Civil (COSOC) y de las organizaciones sociales de Atacama.<\/p>\n\n\n\n<p>Tras la promulgaci\u00f3n de la Ley 20.500, promulgada en la primera administraci\u00f3n del Presidente Sebasti\u00e1n Pi\u00f1era, la Subdere ha desarrollado acciones para difundirla e implementarla en la regi\u00f3n. En ese marco, dicho servicio p\u00fablico junto a la Seremi de Gobierno, ha estado trabajando para lograr la conformaci\u00f3n y monitoreo de los COSOC en las diferentes comunas de la regi\u00f3n.<\/p>\n\n\n\n<p>A la fecha, quienes han recibido capacitaci\u00f3n sobre esta materia, han sido las autoridades locales y los funcionarios municipales, no obstante, ahora se busca concentrar las capacitaciones a los dirigentes de las organizaciones comunitarias funcionales y territoriales en general y a los consejeros de los COSOC comunales en particular. Este ser\u00e1 el primero de 16 encuentros que se realizar\u00e1n durante el a\u00f1o 2019.<\/p>\n\n\n\n<p>Plaza Velis fue enf\u00e1tica en precisar que \u201ccon estos encuentros vamos a contribuir en la formaci\u00f3n de los dirigentes sociales y comunitarios de Atacama; miembros de COSOC comunales y dem\u00e1s organizaciones territoriales y funcionales, por cierto, con la clara intenci\u00f3n de acercar la acci\u00f3n del gobierno a las personas de cada territorio comunal y de fortalecer el proceso de implementaci\u00f3n de la Ley 20.500 en cada territorio, favoreciendo la gesti\u00f3n participativa de los municipios del pa\u00eds. Nosotros no estamos solamente para informar lo que hacemos como Gobierno, sino que como nos ha pedido el Presidente Sebasti\u00e1n Pi\u00f1era estamos para escuchar. Y en esa riqueza que se da al poder escuchar a nuestros dirigentes, se materializan las mejores pol\u00edticas p\u00fablicas\u201d.<\/p>\n\n\n\n<p>Por su parte, Morales Vergara, expres\u00f3 que \u201ceste proceso de encuentros regionales, que empieza la pr\u00f3xima semana, va de la mano con el empoderamiento de la sociedad civil, de la necesidad de encontrar cada vez m\u00e1s espacios para que los propios vecinas y vecinos sean escuchados y tomen parte de las decisiones que los afectan. En este proceso el Gobierno del Presidente Sebasti\u00e1n Pi\u00f1era ha impulsado acciones para empoderar a la ciudadan\u00eda con informaci\u00f3n, con capacitaci\u00f3n y sobre todo, fomentando espacios para la organizaci\u00f3n y su incidencia en la gesti\u00f3n p\u00fablica. Esta serie de talleres viene a reforzar el desarrollo fijado por la Ley de Fortalecimiento a la Regionalizaci\u00f3n (21.074), en donde el presidente Pi\u00f1era ha encomendado aumentar la participaci\u00f3n ciudadana\u00bb.<\/p>\n\n\n\n<p>Durante la jornada se realizar\u00e1 la exposici\u00f3n \u201cParticipaci\u00f3n ciudadana y transparencia en la gesti\u00f3n p\u00fablica\u201d que estar\u00e1 a cargo de Roxelis Torrej\u00f3n, encargada de transparencia y gobierno abierto municipal divisi\u00f3n de municipalidades SUBDERE. Lo m\u00e1s importante, es que luego de la capacitaci\u00f3n, los asistentes tendr\u00e1n la oportunidad de realizar preguntas, resolver sus inquietudes y plantear ideas. \u201cEst\u00e1n todos los dirigentes sociales invitados\u201d, dijo la Seremi de Gobierno.<\/p>\n\n\n\n<p>\u00bf<strong>QUE SON LOS COSOC<\/strong>?<\/p>\n\n\n\n<p>La ley N\u00b0 20.500, permite la creaci\u00f3n de los Consejos Comunales de la Sociedad Civil (COSOC), los cuales tienen un car\u00e1cter consultivo y pueden apoyar el cumplir con el objetivo de incidir en el dise\u00f1o, ejecuci\u00f3n y evaluaci\u00f3n de las pol\u00edticas p\u00fablicas comunales, sectoriales y en la propia gesti\u00f3n del municipio.<\/p>\n\n\n\n<p>Lo pueden integrar las Juntas de vecinos, Clubes Deportivos, Clubes de Adultos Mayores, Centro de Madres, Personas Jur\u00eddicas sin Fines de Lucro, Asociaciones y Comunidades Ind\u00edgenas, Asociaciones Gremiales, Organizaciones Sindicales y Organizaciones de Inter\u00e9s P\u00fablico de la Comuna.<\/p>\n\n\n\n<p>Debe sesionar al menos cuatro veces en el a\u00f1o. Cada COSOC cuenta con un reglamento de funcionamientos, integraci\u00f3n, organizaci\u00f3n y competencias debe ser aprobado por el Concejo Municipal. Es presidido por el Alcalde y en ausencia de este por el Vice-Presidente, electo entre los propios miembros del Consejo.<\/p>\n","protected":false},"excerpt":{"rendered":"<p>La actividad se realizar\u00e1 este viernes 26 de julio de 2019 a las 14:30 horas en el Sal\u00f3n Jos\u00e9 Joaqu\u00edn Vallejos ubicado en calle Colipi&hellip; <\/p>\n","protected":false},"author":2,"featured_media":14752,"comment_status":"open","ping_status":"closed","sticky":false,"template":"","format":"standard","meta":{"footnotes":""},"categories":[7],"tags":[],"class_list":["post-14751","post","type-post","status-publish","format-standard","has-post-thumbnail","hentry","category-atacama"],"_links":{"self":[{"href":"https:\/\/www.radioamigavallenar.cl\/index.php?rest_route=\/wp\/v2\/posts\/14751","targetHints":{"allow":["GET"]}}],"collection":[{"href":"https:\/\/www.radioamigavallenar.cl\/index.php?rest_route=\/wp\/v2\/posts"}],"about":[{"href":"https:\/\/www.radioamigavallenar.cl\/index.php?rest_route=\/wp\/v2\/types\/post"}],"author":[{"embeddable":true,"href":"https:\/\/www.radioamigavallenar.cl\/index.php?rest_route=\/wp\/v2\/users\/2"}],"replies":[{"embeddable":true,"href":"https:\/\/www.radioamigavallenar.cl\/index.php?rest_route=%2Fwp%2Fv2%2Fcomments&post=14751"}],"version-history":[{"count":0,"href":"https:\/\/www.radioamigavallenar.cl\/index.php?rest_route=\/wp\/v2\/posts\/14751\/revisions"}],"wp:featuredmedia":[{"embeddable":true,"href":"https:\/\/www.radioamigavallenar.cl\/index.php?rest_route=\/wp\/v2\/media\/14752"}],"wp:attachment":[{"href":"https:\/\/www.radioamigavallenar.cl\/index.php?rest_route=%2Fwp%2Fv2%2Fmedia&parent=14751"}],"wp:term":[{"taxonomy":"category","embeddable":true,"href":"https:\/\/www.radioamigavallenar.cl\/index.php?rest_route=%2Fwp%2Fv2%2Fcategories&post=14751"},{"taxonomy":"post_tag","embeddable":true,"href":"https:\/\/www.radioamigavallenar.cl\/index.php?rest_route=%2Fwp%2Fv2%2Ftags&post=14751"}],"curies":[{"name":"wp","href":"https:\/\/api.w.org\/{rel}","templated":true}]}}