{"id":14740,"date":"2019-07-20T12:36:14","date_gmt":"2019-07-20T16:36:14","guid":{"rendered":"https:\/\/www.radioamigavallenar.cl\/?p=14740"},"modified":"2019-07-20T12:36:15","modified_gmt":"2019-07-20T16:36:15","slug":"atacama-primer-tribunal-ambiental-rechazo-reclamacion-en-contra-de-resolucion-de-continuidad-de-atacama-kozan","status":"publish","type":"post","link":"https:\/\/www.radioamigavallenar.cl\/?p=14740","title":{"rendered":"Atacama: Primer Tribunal Ambiental rechaz\u00f3 reclamaci\u00f3n en contra de resoluci\u00f3n de Continuidad de Atacama Kozan"},"content":{"rendered":"\n<div class=\"wp-block-image\"><figure class=\"aligncenter is-resized\"><img loading=\"lazy\" decoding=\"async\" src=\"https:\/\/www.radioamigavallenar.cl\/wp-content\/uploads\/2019\/07\/file_20190719130216.jpg\" alt=\"\" class=\"wp-image-14741\" width=\"519\" height=\"392\" srcset=\"https:\/\/www.radioamigavallenar.cl\/wp-content\/uploads\/2019\/07\/file_20190719130216.jpg 820w, https:\/\/www.radioamigavallenar.cl\/wp-content\/uploads\/2019\/07\/file_20190719130216-300x227.jpg 300w, https:\/\/www.radioamigavallenar.cl\/wp-content\/uploads\/2019\/07\/file_20190719130216-768x581.jpg 768w\" sizes=\"auto, (max-width: 519px) 100vw, 519px\" \/><\/figure><\/div>\n\n\n\n<p> El Primer Tribunal Ambiental rechaz\u00f3 la reclamaci\u00f3n interpuesta por los concejales Rosa Ahumada y otros, en contra de la Resoluci\u00f3n de Calificaci\u00f3n Ambiental que calific\u00f3 favorablemente la Declaraci\u00f3n de Impacto Ambiental del proyecto \u00abContinuidad Operacional de Faena Minera Atacama Kozan\u00bb.Los hechos controvertidos eran la falta de proceso de participaci\u00f3n ciudadana y por ende la falta de legitimaci\u00f3n del proceso. <\/p>\n\n\n\n<p>Adem\u00e1s de la exclusi\u00f3n de observaciones realizadas por el municipio y otros organismos.En el texto se se\u00f1ala que \u00abno es posible verificar fehacientemente sobre la falta de informaci\u00f3n efectiva sobre el proceso de evaluaci\u00f3n ambiental del proyecto Kozan, a que aluden los reclamantes, donde ellos ten\u00edan la posibilidad de solicitar la Participaci\u00f3n Ciudadana al SEA, luego participar efectivamente y as\u00ed constituirse en legitimamos activos en el proceso de evaluaci\u00f3n ambiental\u201d.<\/p>\n\n\n\n<p>Adem\u00e1s que \u00abel SEA de Atacama no ten\u00eda la obligaci\u00f3n de llamar a Participaci\u00f3n Ciudadana, toda vez que \u00e9sta no fue requerida por los reclamantes u otro actor en el proceso\u201d.<\/p>\n","protected":false},"excerpt":{"rendered":"<p>El Primer Tribunal Ambiental rechaz\u00f3 la reclamaci\u00f3n interpuesta por los concejales Rosa Ahumada y otros, en contra de la Resoluci\u00f3n de Calificaci\u00f3n Ambiental que calific\u00f3&hellip; <\/p>\n","protected":false},"author":2,"featured_media":14741,"comment_status":"open","ping_status":"closed","sticky":false,"template":"","format":"standard","meta":{"footnotes":""},"categories":[7],"tags":[],"class_list":["post-14740","post","type-post","status-publish","format-standard","has-post-thumbnail","hentry","category-atacama"],"_links":{"self":[{"href":"https:\/\/www.radioamigavallenar.cl\/index.php?rest_route=\/wp\/v2\/posts\/14740","targetHints":{"allow":["GET"]}}],"collection":[{"href":"https:\/\/www.radioamigavallenar.cl\/index.php?rest_route=\/wp\/v2\/posts"}],"about":[{"href":"https:\/\/www.radioamigavallenar.cl\/index.php?rest_route=\/wp\/v2\/types\/post"}],"author":[{"embeddable":true,"href":"https:\/\/www.radioamigavallenar.cl\/index.php?rest_route=\/wp\/v2\/users\/2"}],"replies":[{"embeddable":true,"href":"https:\/\/www.radioamigavallenar.cl\/index.php?rest_route=%2Fwp%2Fv2%2Fcomments&post=14740"}],"version-history":[{"count":0,"href":"https:\/\/www.radioamigavallenar.cl\/index.php?rest_route=\/wp\/v2\/posts\/14740\/revisions"}],"wp:featuredmedia":[{"embeddable":true,"href":"https:\/\/www.radioamigavallenar.cl\/index.php?rest_route=\/wp\/v2\/media\/14741"}],"wp:attachment":[{"href":"https:\/\/www.radioamigavallenar.cl\/index.php?rest_route=%2Fwp%2Fv2%2Fmedia&parent=14740"}],"wp:term":[{"taxonomy":"category","embeddable":true,"href":"https:\/\/www.radioamigavallenar.cl\/index.php?rest_route=%2Fwp%2Fv2%2Fcategories&post=14740"},{"taxonomy":"post_tag","embeddable":true,"href":"https:\/\/www.radioamigavallenar.cl\/index.php?rest_route=%2Fwp%2Fv2%2Ftags&post=14740"}],"curies":[{"name":"wp","href":"https:\/\/api.w.org\/{rel}","templated":true}]}}