{"id":14737,"date":"2019-07-20T11:36:24","date_gmt":"2019-07-20T15:36:24","guid":{"rendered":"https:\/\/www.radioamigavallenar.cl\/?p=14737"},"modified":"2019-07-20T11:36:25","modified_gmt":"2019-07-20T15:36:25","slug":"mineria-gobierno-estudia-indicaciones-para-flexibilizar-proyecto-de-ley-sobre-glaciares","status":"publish","type":"post","link":"https:\/\/www.radioamigavallenar.cl\/?p=14737","title":{"rendered":"Miner\u00eda: Gobierno estudia indicaciones para flexibilizar proyecto de ley sobre glaciares"},"content":{"rendered":"\n<div class=\"wp-block-image\"><figure class=\"aligncenter is-resized\"><img loading=\"lazy\" decoding=\"async\" src=\"https:\/\/www.radioamigavallenar.cl\/wp-content\/uploads\/2019\/07\/Imagen-Caminata-al-glaciar66-900x600.jpg\" alt=\"\" class=\"wp-image-14738\" width=\"495\" height=\"329\" srcset=\"https:\/\/www.radioamigavallenar.cl\/wp-content\/uploads\/2019\/07\/Imagen-Caminata-al-glaciar66-900x600.jpg 900w, https:\/\/www.radioamigavallenar.cl\/wp-content\/uploads\/2019\/07\/Imagen-Caminata-al-glaciar66-900x600-300x200.jpg 300w, https:\/\/www.radioamigavallenar.cl\/wp-content\/uploads\/2019\/07\/Imagen-Caminata-al-glaciar66-900x600-768x512.jpg 768w\" sizes=\"auto, (max-width: 495px) 100vw, 495px\" \/><\/figure><\/div>\n\n\n\n<h2 class=\"wp-block-heading\">Desde el Ministerio de Miner\u00eda hay preocupaci\u00f3n por la rapidez con que avanza la iniciativa, presentada en moci\u00f3n parlamentaria, que busca proteger a los glaciares.&nbsp;<\/h2>\n\n\n\n<p>Una creciente preocupaci\u00f3n hay en el gobierno, espec\u00edficamente en el Ministerio de Miner\u00eda, por el avance que est\u00e1 teniendo en el Congreso -con la redacci\u00f3n actual- una moci\u00f3n parlamentaria que tiene por objetivo crear un marco de protecci\u00f3n a los glaciares, iniciativa presentada por los senadores Guido Girardi, Ximena \u00d3rdenes e Isabel Allende.<\/p>\n\n\n\n<p>\u00bfLa raz\u00f3n? Fundamentalmente, la rigidez que estiman que tiene esta propuesta. Seg\u00fan Miner\u00eda, la discusi\u00f3n actual debiese orientarse en los aspectos t\u00e9cnicos de la propuesta, adem\u00e1s de considerar definiciones reconocidas internacionalmente sobre la materia.<\/p>\n\n\n\n<p>Otra preocupaci\u00f3n, sienten en el Ejecutivo, es que se debe revisar la retroactividad propuesta, \u201cya que hoy existen proyectos que cuentan con su Resoluci\u00f3n de Calificaci\u00f3n Ambiental (RCA) y que est\u00e1n operando y cumpliendo altos est\u00e1ndares ambientales. Por lo tanto, no se justificar\u00eda un cierre que, adem\u00e1s, producir\u00eda m\u00e1s de 22 mil puestos de trabajo\u201d, explicaron desde esa cartera.<\/p>\n\n\n\n<p>Por \u00faltimo, destacaron que el proyecto incluye la figura de delito ambiental, lo que ya est\u00e1 considerado en otro proyecto de ley que est\u00e1 en tr\u00e1mite en el Congreso. Por eso, advierten en el gobierno, es necesario aclarar este punto para evitar una sobrerregulaci\u00f3n.<\/p>\n\n\n\n<p>El subsecretario de Miner\u00eda, Pablo Terrazas, coment\u00f3 que en su visi\u00f3n, es posible avanzar en una regulaci\u00f3n basada en aspectos t\u00e9cnicos y, al mismo tiempo, resguardar los recursos naturales.<\/p>\n\n\n\n<p>\u201cPara avanzar hacia una miner\u00eda m\u00e1s sustentable, la discusi\u00f3n se debe basar en aspectos t\u00e9cnicos, de tal manera de poder de seguir desarroll\u00e1ndonos como pa\u00eds, y al mismo tiempo, resguardar nuestros recursos naturales como son los glaciares\u201d, sostuvo Terrazas.<\/p>\n\n\n\n<h2 class=\"wp-block-heading\">Indicaciones<\/h2>\n\n\n\n<p>En este contexto, el Ejecutivo est\u00e1 evaluando presentar indicaciones al proyecto, respecto de lo cual, la pr\u00f3xima semana se determinar\u00e1 el plazo para presentarlas en el Senado. Y aunque, formalmente, el ministerio explica que est\u00e1 reci\u00e9n analizando la posibilidad de presentar indicaciones, es un hecho que est\u00e1 desarrollando un estudio con este fin.<\/p>\n\n\n\n<p>Seg\u00fan trascendi\u00f3, uno de los puntos que se estar\u00eda estudiando en el Ejecutivo es modificar el mecanismo de evaluaci\u00f3n ambiental de estos proyectos, eliminando el concepto de compensaci\u00f3n del da\u00f1o ambiental cuando se trate de la afectaci\u00f3n de un glaciar. Esto, porque la visi\u00f3n que existe en el gobierno es que, ya que lo que busca el proyecto es evitar da\u00f1ar los glaciares, si esto se consigue no ser\u00eda necesario compensar ning\u00fan da\u00f1o.<\/p>\n\n\n\n<p>En la cartera de Miner\u00eda tambi\u00e9n advierten que este proyecto podr\u00eda no solo perjudicar a la industria minera, sino tambi\u00e9n los pasos fronterizos hacia Argentina, l\u00edneas de transmisi\u00f3n el\u00e9ctrica, embalses, concesiones de pesca en la zona austral del pa\u00eds y otros. En efecto, ser\u00eda un problema pa\u00eds al involucrar al menos m\u00e1s de tres sectores econ\u00f3micos.<\/p>\n\n\n\n<p>Al respecto, el Ministerio de Econom\u00eda tambi\u00e9n est\u00e1 trabajando en un estudio para revisar estos posibles impactos a otras actividades no mineras.<\/p>\n\n\n\n<p>La postura del Instituto Libertad y Desarrollo, en tanto, es similar a la del gobierno. En un documento, sostuvo que el proyecto de ley tiene problemas conceptuales y legales. A su juicio, \u201cpone en riesgo las reglas del juego en materia de certeza jur\u00eddica para la inversi\u00f3n, al paralizar los proyectos en curso a la espera de permisos no requeridos al inicio del proyecto y que, de aprobarse la moci\u00f3n parlamentaria, no se podr\u00edan otorgar\u201d. Agregaron que la moci\u00f3n excluye toda actividad productiva en la alta monta\u00f1a, limita actividades no da\u00f1inas para los glaciares e impone exigencias de procesos medioambientales que recargan el aparato administrativo.<\/p>\n\n\n\n<p>En tanto, el senador Guido Girardi dijo que en este debate parlamentario \u201cvamos a ver cu\u00e1l es el verdadero compromiso del gobierno con la COP25 y el cambio clim\u00e1tico\u201d. En relaci\u00f3n a las indicaciones que presentar\u00eda el gobierno, se\u00f1al\u00f3 que si estas van con el sentido de resguardar los glaciares, no habr\u00eda problema, pero que si va en el sentido contrario y a \u201cdefender los bolsillos de las utilidades de las mineras\u201d, se va a votar en contra. \u201cEsta es la t\u00edpica campa\u00f1a del terror que han hecho siempre. Hay que resaltar la incoherencia del gobierno\u201d. Por \u00faltimo, sostuvo que en Chile s\u00ed se puede hacer buena miner\u00eda sin destruir glaciares.<\/p>\n","protected":false},"excerpt":{"rendered":"<p>Desde el Ministerio de Miner\u00eda hay preocupaci\u00f3n por la rapidez con que avanza la iniciativa, presentada en moci\u00f3n parlamentaria, que busca proteger a los glaciares.&nbsp;&hellip; <\/p>\n","protected":false},"author":2,"featured_media":14738,"comment_status":"open","ping_status":"closed","sticky":false,"template":"","format":"standard","meta":{"footnotes":""},"categories":[34,37],"tags":[],"class_list":["post-14737","post","type-post","status-publish","format-standard","has-post-thumbnail","hentry","category-mineria","category-nacional"],"_links":{"self":[{"href":"https:\/\/www.radioamigavallenar.cl\/index.php?rest_route=\/wp\/v2\/posts\/14737","targetHints":{"allow":["GET"]}}],"collection":[{"href":"https:\/\/www.radioamigavallenar.cl\/index.php?rest_route=\/wp\/v2\/posts"}],"about":[{"href":"https:\/\/www.radioamigavallenar.cl\/index.php?rest_route=\/wp\/v2\/types\/post"}],"author":[{"embeddable":true,"href":"https:\/\/www.radioamigavallenar.cl\/index.php?rest_route=\/wp\/v2\/users\/2"}],"replies":[{"embeddable":true,"href":"https:\/\/www.radioamigavallenar.cl\/index.php?rest_route=%2Fwp%2Fv2%2Fcomments&post=14737"}],"version-history":[{"count":0,"href":"https:\/\/www.radioamigavallenar.cl\/index.php?rest_route=\/wp\/v2\/posts\/14737\/revisions"}],"wp:featuredmedia":[{"embeddable":true,"href":"https:\/\/www.radioamigavallenar.cl\/index.php?rest_route=\/wp\/v2\/media\/14738"}],"wp:attachment":[{"href":"https:\/\/www.radioamigavallenar.cl\/index.php?rest_route=%2Fwp%2Fv2%2Fmedia&parent=14737"}],"wp:term":[{"taxonomy":"category","embeddable":true,"href":"https:\/\/www.radioamigavallenar.cl\/index.php?rest_route=%2Fwp%2Fv2%2Fcategories&post=14737"},{"taxonomy":"post_tag","embeddable":true,"href":"https:\/\/www.radioamigavallenar.cl\/index.php?rest_route=%2Fwp%2Fv2%2Ftags&post=14737"}],"curies":[{"name":"wp","href":"https:\/\/api.w.org\/{rel}","templated":true}]}}