{"id":14625,"date":"2019-07-17T13:38:17","date_gmt":"2019-07-17T17:38:17","guid":{"rendered":"https:\/\/www.radioamigavallenar.cl\/?p=14625"},"modified":"2019-07-17T13:38:18","modified_gmt":"2019-07-17T17:38:18","slug":"mineria-cochilco-auditara-a-codelco-por-planes-de-salud-que-le-cuestan-us170-millones-al-ano-a-la-estatal","status":"publish","type":"post","link":"https:\/\/www.radioamigavallenar.cl\/?p=14625","title":{"rendered":"Miner\u00eda: Cochilco auditar\u00e1 a Codelco por planes de salud, que le cuestan US$170 millones al a\u00f1o a la estatal."},"content":{"rendered":"\n<figure class=\"wp-block-image\"><img loading=\"lazy\" decoding=\"async\" width=\"850\" height=\"515\" src=\"https:\/\/www.radioamigavallenar.cl\/wp-content\/uploads\/2019\/07\/codelco.jpg\" alt=\"\" class=\"wp-image-14626\" srcset=\"https:\/\/www.radioamigavallenar.cl\/wp-content\/uploads\/2019\/07\/codelco.jpg 850w, https:\/\/www.radioamigavallenar.cl\/wp-content\/uploads\/2019\/07\/codelco-300x182.jpg 300w, https:\/\/www.radioamigavallenar.cl\/wp-content\/uploads\/2019\/07\/codelco-768x465.jpg 768w\" sizes=\"auto, (max-width: 850px) 100vw, 850px\" \/><\/figure>\n\n\n\n<p>Los planes de salud de por vida que se aseguraron los socios de los sindicatos 1, 2 y 3 de la divisi\u00f3n Chuquicamata de Codelco que se acojan al plan de egreso vigente tras la reciente negociaci\u00f3n colectiva, ser\u00e1 uno de los puntos de an\u00e1lisis que la Comisi\u00f3n Chilena del Cobre (Cochilco) podr\u00eda realizar en el marco de una auditor\u00eda a la estatal.<\/p>\n\n\n\n<p>Seg\u00fan trascendi\u00f3, el organismo -que hoy es liderado de forma interina por Manuel Jos\u00e9 Fern\u00e1ndez notific\u00f3 a fines de junio a la cuprera sobre el inicio de una auditor\u00eda sobre los beneficios de salud otorgados por Codelco a sus trabajadores. Eso, con el objetivo de emitir una opini\u00f3n sobre la existencia, calidad y cumplimiento del cuerpo normativo. Tambi\u00e9n, con el fin de verificar la existencia de un sistema de control que resguarde el cumplimiento de lo establecido en los convenios colectivos.<\/p>\n\n\n\n<p>Desde Codelco confirmaron la auditor\u00eda y especificaron que a\u00fan no ten\u00edan claro su alcance. En ese sentido, precisaron que la compa\u00f1\u00eda \u00abdestina aproximadamente US$170 millones anuales a la entrega del beneficio de salud (cifra que en 2014 ascend\u00eda a US$200 millones)\u00bb, cifra que es independiente del 7% de la cotizaci\u00f3n legal de cada titular.<\/p>\n\n\n\n<p>En ese sentido, la cuprera detall\u00f3 que los beneficiarios llegan a los casi 18 mil trabajadores de la empresa ya otros 9 mil titulares que mantienen el beneficio tras su egreso, m\u00e1s las cargas legales de ambos grupos.<\/p>\n\n\n\n<p>En el segundo grupo figura el propio CEO de la corporaci\u00f3n, Nelson Pizarro, uno de sus antecesores, Juan Villarz\u00fa, y la ex vicepresidenta de Finanzas, Promoci\u00f3n y Sustentabilidad de la estatal, Isabel Marsahall.<\/p>\n\n\n\n<p>\u00abLos beneficios de salud de las isapres institucionales son similares a los que normalmente ofrecen las isapres privadas. A ellos se suman los seguros complementarios de salud para aquellos trabajadores que no est\u00e1n incorporados en los planes institucionales\u00bb, dijo Codelco, destacando que en 2010 Cochilco realiz\u00f3 una auditor\u00eda similar.<\/p>\n\n\n\n<p>\u00abLa empresa ha ejecutado distintos procesos de adaptaci\u00f3n para que los centros de salud de la compa\u00f1\u00eda operen de manera independiente de la operaci\u00f3n minera\u00bb, destac\u00f3, explicando que dentro de ello se relanz\u00f3 el modelo de atenci\u00f3n cl\u00ednico, adoptando el concepto de medicina familiar o m\u00e9dico de cabecera; tambi\u00e9n que un porcentaje creciente de trabajadores hayan contratado planes de salud en el mercado y no en las isapres institucionales; adem\u00e1s de cambios en la administraci\u00f3n del seguro de vida.<\/p>\n\n\n\n<p>\u00abCabe destacar lo recientemente sucedido en Chuquicamata, donde se logr\u00f3 que Codelco administrara y pagara la totalidad de los seguros de salud (\u2026). Con esto, Codelco logr\u00f3 un ahorro de 1.000 millones en la prima anual de estos seguros, dijo.<\/p>\n\n\n\n<p><strong>Rol de Cochilco<\/strong><\/p>\n\n\n\n<p>Fuentes comentaron que en los \u00faltimos meses se gener\u00f3 al interior de Cochilco una fuerte reestructuraci\u00f3n en el equipo de fiscalizadores y que el rol de Fern\u00e1ndez  que arrib\u00f3 en enero como fiscal, pero que hoy se desempe\u00f1a como vicepresidente ejecutivo (i) se estaba haciendo notar.<\/p>\n\n\n\n<p>Lo anterior, eso s\u00ed, se genera luego de las cr\u00edticas que ha recibido la instituci\u00f3n en el marco del conflicto entre la estatal y la Contralor\u00eda.<\/p>\n\n\n\n<p>De hecho, a inicios de mayo, el ministro de Miner\u00eda, Baldo Prokurica, reconoci\u00f3 frente a Cochilco que \u00aben el rol de fiscalizaci\u00f3n hab\u00eda una falta de un trabajo a fondo para poder resguardar los intereses de todos los chilenos en una empresa que nos pertenece a todos (Codelco).<\/p>\n","protected":false},"excerpt":{"rendered":"<p>Los planes de salud de por vida que se aseguraron los socios de los sindicatos 1, 2 y 3 de la divisi\u00f3n Chuquicamata de Codelco&hellip; <\/p>\n","protected":false},"author":2,"featured_media":14626,"comment_status":"open","ping_status":"closed","sticky":false,"template":"","format":"standard","meta":{"footnotes":""},"categories":[34,37],"tags":[],"class_list":["post-14625","post","type-post","status-publish","format-standard","has-post-thumbnail","hentry","category-mineria","category-nacional"],"_links":{"self":[{"href":"https:\/\/www.radioamigavallenar.cl\/index.php?rest_route=\/wp\/v2\/posts\/14625","targetHints":{"allow":["GET"]}}],"collection":[{"href":"https:\/\/www.radioamigavallenar.cl\/index.php?rest_route=\/wp\/v2\/posts"}],"about":[{"href":"https:\/\/www.radioamigavallenar.cl\/index.php?rest_route=\/wp\/v2\/types\/post"}],"author":[{"embeddable":true,"href":"https:\/\/www.radioamigavallenar.cl\/index.php?rest_route=\/wp\/v2\/users\/2"}],"replies":[{"embeddable":true,"href":"https:\/\/www.radioamigavallenar.cl\/index.php?rest_route=%2Fwp%2Fv2%2Fcomments&post=14625"}],"version-history":[{"count":0,"href":"https:\/\/www.radioamigavallenar.cl\/index.php?rest_route=\/wp\/v2\/posts\/14625\/revisions"}],"wp:featuredmedia":[{"embeddable":true,"href":"https:\/\/www.radioamigavallenar.cl\/index.php?rest_route=\/wp\/v2\/media\/14626"}],"wp:attachment":[{"href":"https:\/\/www.radioamigavallenar.cl\/index.php?rest_route=%2Fwp%2Fv2%2Fmedia&parent=14625"}],"wp:term":[{"taxonomy":"category","embeddable":true,"href":"https:\/\/www.radioamigavallenar.cl\/index.php?rest_route=%2Fwp%2Fv2%2Fcategories&post=14625"},{"taxonomy":"post_tag","embeddable":true,"href":"https:\/\/www.radioamigavallenar.cl\/index.php?rest_route=%2Fwp%2Fv2%2Ftags&post=14625"}],"curies":[{"name":"wp","href":"https:\/\/api.w.org\/{rel}","templated":true}]}}