{"id":14622,"date":"2019-07-17T13:30:58","date_gmt":"2019-07-17T17:30:58","guid":{"rendered":"https:\/\/www.radioamigavallenar.cl\/?p=14622"},"modified":"2019-07-17T13:31:30","modified_gmt":"2019-07-17T17:31:30","slug":"construccion-de-la-nueva-escuela-mireya-zuleta-de-huasco-alcanza-un-95-por-ciento-de-avance","status":"publish","type":"post","link":"https:\/\/www.radioamigavallenar.cl\/?p=14622","title":{"rendered":"Construcci\u00f3n de la nueva Escuela Mireya Zuleta de Huasco alcanza un 95 por ciento de avance"},"content":{"rendered":"\n<figure class=\"wp-block-image\"><img loading=\"lazy\" decoding=\"async\" width=\"1024\" height=\"576\" src=\"https:\/\/www.radioamigavallenar.cl\/wp-content\/uploads\/2019\/07\/HUASCO-COLEGIO-1024x576.jpg\" alt=\"\" class=\"wp-image-14623\" srcset=\"https:\/\/www.radioamigavallenar.cl\/wp-content\/uploads\/2019\/07\/HUASCO-COLEGIO-1024x576.jpg 1024w, https:\/\/www.radioamigavallenar.cl\/wp-content\/uploads\/2019\/07\/HUASCO-COLEGIO-300x169.jpg 300w, https:\/\/www.radioamigavallenar.cl\/wp-content\/uploads\/2019\/07\/HUASCO-COLEGIO-768x432.jpg 768w\" sizes=\"auto, (max-width: 1024px) 100vw, 1024px\" \/><\/figure>\n\n\n\n<p>Aproximadamente $ 6.412 millones de pesos fue la inversi\u00f3n de la nueva infraestructura que permitir\u00e1 duplicar la cantidad de matr\u00edculas.&nbsp;<br>El Seremi de Obras P\u00fablicas, Alfredo Campbell Aguilar en compa\u00f1\u00eda del alcalde de Huasco, Rodrigo Loyola Morenilla, y profesionales de la Direcci\u00f3n de Arquitectura del MOP, realizaron una visita inspectiva &nbsp;a las obras de la tan anhelada Escuela Mireya Zuleta de Huasco, la que se encuentra en su etapa final.<\/p>\n\n\n\n<p>Esta obra mandatada por la Municipalidad de Huasco con financiamiento del Ministerio de Educaci\u00f3n y ejecutada por el Ministerio de Obras P\u00fablicas a trav\u00e9s de su Direcci\u00f3n de Arquitectura quienes act\u00faan como Unidad T\u00e9cnica, permitir\u00e1 duplicar la cantidad de matr\u00edculas de la escuela, y cumplen con el Plan de nuevas y mejores edificaciones educacionales, que lleva adelante el Gobierno junto a sus autoridades regionales, generando espacios educativos confortables que permitan potenciar el desarrollo cognitivo de nuestros alumnos.<\/p>\n\n\n\n<p>En la instancia, el Seremi de Obras P\u00fablicas, Alfredo Campbell se\u00f1al\u00f3, \u201cas\u00ed como lo ha mandatado nuestro Presidente Sebasti\u00e1n Pi\u00f1era, este es un gobierno de terreno, que escucha a su gente, es por eso que hemos estado siguiendo de cerca la evoluci\u00f3n de esta construcci\u00f3n, ya que, es en este tipo de espacios, donde enfocamos los esfuerzos para entregar a nuestros estudiantes una infraestructura de mejor calidad, para crear bases suficientemente s\u00f3lidas que permitan el desarrollo del aprendizaje\u201d.<\/p>\n\n\n\n<p>Antiguamente el establecimiento se llamaba Escuela n\u00famero 3, luego cuando se uni\u00f3 con la Escuela n\u00famero 4, se llam\u00f3 Escuela Consolidada, para posteriormente convertirse en el Liceo C-9 Jap\u00f3n, hasta el a\u00f1o 1994, cuando producto de la separaci\u00f3n de la Ense\u00f1anza B\u00e1sica y Media ingres\u00f3 a jornada completa pasando a convertirse en el a\u00f1o 1998 en la Escuela F-94 Mireya Zuleta Astudillo.<\/p>\n\n\n\n<p>El Seremi de Obras P\u00fablicas, Alfredo Campbell Aguilar indic\u00f3, \u201cestamos realmente felices por el significativo avance, y por el est\u00e1ndar de primer nivel con el que cuenta esta infraestructura, el dise\u00f1o y cada uno de sus detalles, pensados en entregar el m\u00e1ximo confort a los estudiantes. Este proyecto mejorar\u00e1 considerablemente las condiciones actuales en las que estudian y se desarrollan los 380 alumnos. Con estas nuevas instalaciones duplicaremos la matricula a 750 estudiantes, en una superficie construida que alcanzar\u00e1 los 4.048 m2 y una inversi\u00f3n del Ministerio de Educaci\u00f3n de $6.412 millones de pesos\u201d. Adem\u00e1s agreg\u00f3, \u201cesta nueva edificaci\u00f3n, se crea con la firme convicci\u00f3n de que estamos renovando y reformando la educaci\u00f3n en Chile, creemos que este es el coraz\u00f3n de la nueva educaci\u00f3n p\u00fablica, construyendo un pa\u00eds m\u00e1s equitativo y m\u00e1s justo\u201d.<\/p>\n\n\n\n<p>Por su parte el Alcalde de la Comuna, Rodrigo Loyola Morenilla, se\u00f1al\u00f3, \u201ceste es un tremendo proyecto que demando mucho tiempo, esfuerzo y sacrificio, donde se aunaron muchos criterios e ideas que partieron el a\u00f1o 2011 y hoy ya llegando al segundo semestre del 2019, estamos casi finalizando una importante obra. No me queda m\u00e1s que felicitar al MOP a trav\u00e9s de su Direcci\u00f3n de Arquitectura, el Ministerio de Educaci\u00f3n, el propio municipio, la comunidad educativa y escolar, deben estar orgullosos por la escuela que hoy estamos construyendo entre todos, la 1era escuela nueva que se construye despu\u00e9s de 20 a\u00f1os, as\u00ed que nuevamente felicito a todos los que hemos estado involucrados y sacado adelante este importante proyecto, los alumnos de la generaci\u00f3n del 2020, los apoderados y a todos los que fueron parte de esta escuela, estar\u00e1n muy contentos por este importante logro\u201d.<\/p>\n\n\n\n<p>\u201cLuego de realizar esta visita, donde hemos revisado cada detalle y terminaciones de la obra, podemos decir que las expectativas han sido superadas respecto a lo que esper\u00e1bamos de este importante proyecto, mis felicitaciones a la empresa Cosal, por el nivel de construcci\u00f3n, la cual se encuentra en el centro de nuestra comuna, una infraestructura acorde al siglo XXI, que no s\u00f3lo albergara a m\u00e1s de 700 alumnos, sino que tambi\u00e9n vendr\u00e1 a mejorar nuestro entorno, nuestro centro c\u00edvico, as\u00ed que feliz y orgulloso con el proyecto y de haber sido parte de esta administraci\u00f3n\u201d, finaliz\u00f3 el alcalde.<\/p>\n\n\n\n<p>El proyecto contempl\u00f3 demoler la anterior edificaci\u00f3n, para construir un edificio completamente nuevo, definiendo un programa arquitect\u00f3nico que cuenta con un \u00e1rea administrativa, \u00e1rea docente, &nbsp;\u00e1rea de servicios, comedor y cocina. Adem\u00e1s se construy\u00f3 un patio cubierto en sector preb\u00e1sica y multicancha techada.<\/p>\n\n\n\n<p>Finalmente el Seremi se\u00f1al\u00f3, \u201cnuestro compromiso como Ministerio es fortalecer la educaci\u00f3n p\u00fablica a trav\u00e9s de m\u00e1s y mejor infraestructura,&nbsp; asegurando las condiciones necesarias para una educaci\u00f3n de excelencia en los colegios p\u00fablicos, estableciendo nuevos est\u00e1ndares de calidad, tanto en materia de infraestructura como en t\u00e9rminos de los procesos de aprendizaje y del entorno en que estos se desarrollan, as\u00ed se ha visto reflejado, con la entrega de la Escuela Manuel Orella en Caldera el a\u00f1o pasado y con este gran proyecto el cual entregaremos a la comunidad en los pr\u00f3ximos meses\u201d.<\/p>\n","protected":false},"excerpt":{"rendered":"<p>Aproximadamente $ 6.412 millones de pesos fue la inversi\u00f3n de la nueva infraestructura que permitir\u00e1 duplicar la cantidad de matr\u00edculas.&nbsp;El Seremi de Obras P\u00fablicas, Alfredo&hellip; <\/p>\n","protected":false},"author":2,"featured_media":14623,"comment_status":"open","ping_status":"closed","sticky":false,"template":"","format":"standard","meta":{"footnotes":""},"categories":[4],"tags":[],"class_list":["post-14622","post","type-post","status-publish","format-standard","has-post-thumbnail","hentry","category-huasco"],"_links":{"self":[{"href":"https:\/\/www.radioamigavallenar.cl\/index.php?rest_route=\/wp\/v2\/posts\/14622","targetHints":{"allow":["GET"]}}],"collection":[{"href":"https:\/\/www.radioamigavallenar.cl\/index.php?rest_route=\/wp\/v2\/posts"}],"about":[{"href":"https:\/\/www.radioamigavallenar.cl\/index.php?rest_route=\/wp\/v2\/types\/post"}],"author":[{"embeddable":true,"href":"https:\/\/www.radioamigavallenar.cl\/index.php?rest_route=\/wp\/v2\/users\/2"}],"replies":[{"embeddable":true,"href":"https:\/\/www.radioamigavallenar.cl\/index.php?rest_route=%2Fwp%2Fv2%2Fcomments&post=14622"}],"version-history":[{"count":0,"href":"https:\/\/www.radioamigavallenar.cl\/index.php?rest_route=\/wp\/v2\/posts\/14622\/revisions"}],"wp:featuredmedia":[{"embeddable":true,"href":"https:\/\/www.radioamigavallenar.cl\/index.php?rest_route=\/wp\/v2\/media\/14623"}],"wp:attachment":[{"href":"https:\/\/www.radioamigavallenar.cl\/index.php?rest_route=%2Fwp%2Fv2%2Fmedia&parent=14622"}],"wp:term":[{"taxonomy":"category","embeddable":true,"href":"https:\/\/www.radioamigavallenar.cl\/index.php?rest_route=%2Fwp%2Fv2%2Fcategories&post=14622"},{"taxonomy":"post_tag","embeddable":true,"href":"https:\/\/www.radioamigavallenar.cl\/index.php?rest_route=%2Fwp%2Fv2%2Ftags&post=14622"}],"curies":[{"name":"wp","href":"https:\/\/api.w.org\/{rel}","templated":true}]}}