{"id":14619,"date":"2019-07-17T13:27:21","date_gmt":"2019-07-17T17:27:21","guid":{"rendered":"https:\/\/www.radioamigavallenar.cl\/?p=14619"},"modified":"2019-07-17T13:28:30","modified_gmt":"2019-07-17T17:28:30","slug":"atacama-indak-demanda-a-codelco-division-salvador-por-mas-de-30-mil-millones","status":"publish","type":"post","link":"https:\/\/www.radioamigavallenar.cl\/?p=14619","title":{"rendered":"Atacama: Indak demanda a Codelco, divisi\u00f3n Salvador por m\u00e1s de $30 mil millones."},"content":{"rendered":"\n<figure class=\"wp-block-image\"><img loading=\"lazy\" decoding=\"async\" width=\"900\" height=\"599\" src=\"https:\/\/www.radioamigavallenar.cl\/wp-content\/uploads\/2019\/07\/codelco_salvador.jpg\" alt=\"\" class=\"wp-image-14620\" srcset=\"https:\/\/www.radioamigavallenar.cl\/wp-content\/uploads\/2019\/07\/codelco_salvador.jpg 900w, https:\/\/www.radioamigavallenar.cl\/wp-content\/uploads\/2019\/07\/codelco_salvador-300x200.jpg 300w, https:\/\/www.radioamigavallenar.cl\/wp-content\/uploads\/2019\/07\/codelco_salvador-768x511.jpg 768w\" sizes=\"auto, (max-width: 900px) 100vw, 900px\" \/><\/figure>\n\n\n\n<p>La empresa acusa diversos incumplimientos por parte de la estatal en los dos contratos, que le habr\u00edan generado problemas en su operaci\u00f3n.<\/p>\n\n\n\n<p>Una demanda por $ 32.511 millones (unos us$ 47,7 millones), interpuso Indak, firma que ejecutaba dos contrato por movimientos de tierra y material en la divisi\u00f3n salvador, de codelco.<br>La firma, que en su demanda detalla que cuenta con m\u00e1s de 27 a\u00f1os de experiencia en el sector, es de propiedad de Antonio Kovacevic y Jos\u00e9 Miguel Juli\u00e1n.<\/p>\n\n\n\n<p>Indak acusa diversos incumplimientos por parte de codelco en los dos contratos, que le habr\u00edan generado problemas en su operaci\u00f3n \u201cesencialmente en lo que respecta a sus flujos operacionales\u201d y en el desarrollo de otros contratos que se encontraban vigentes.<\/p>\n\n\n\n<p>entre los incumplimientos se nombra el t\u00e9rmino anticipado de contratos; solicitudes de bajas de tarifa; modificaciones unilaterales e injustificadas en los t\u00e9rminos estipulados; y la entrega sin licitaci\u00f3n de parte importante de lo contratado con indak a la empresa santa elvira, lo que gener\u00f3 un perjuicio econ\u00f3mico de m\u00e1s de $1.800 millones.<\/p>\n\n\n\n<p>Al ser consultados, desde codelco afirmaron que la demanda fue notificada recientemente por lo que la empresa est\u00e1 preparando su respuesta judicial.<\/p>\n\n\n\n<p>Asimismo, especificaron que santa elvira registra en codelco tres contratos entre los a\u00f1os 2010 a 2017, todos adjudicados a trav\u00e9s de licitaci\u00f3n.<\/p>\n","protected":false},"excerpt":{"rendered":"<p>La empresa acusa diversos incumplimientos por parte de la estatal en los dos contratos, que le habr\u00edan generado problemas en su operaci\u00f3n. Una demanda por&hellip; <\/p>\n","protected":false},"author":2,"featured_media":14620,"comment_status":"open","ping_status":"closed","sticky":false,"template":"","format":"standard","meta":{"footnotes":""},"categories":[7,37],"tags":[],"class_list":["post-14619","post","type-post","status-publish","format-standard","has-post-thumbnail","hentry","category-atacama","category-nacional"],"_links":{"self":[{"href":"https:\/\/www.radioamigavallenar.cl\/index.php?rest_route=\/wp\/v2\/posts\/14619","targetHints":{"allow":["GET"]}}],"collection":[{"href":"https:\/\/www.radioamigavallenar.cl\/index.php?rest_route=\/wp\/v2\/posts"}],"about":[{"href":"https:\/\/www.radioamigavallenar.cl\/index.php?rest_route=\/wp\/v2\/types\/post"}],"author":[{"embeddable":true,"href":"https:\/\/www.radioamigavallenar.cl\/index.php?rest_route=\/wp\/v2\/users\/2"}],"replies":[{"embeddable":true,"href":"https:\/\/www.radioamigavallenar.cl\/index.php?rest_route=%2Fwp%2Fv2%2Fcomments&post=14619"}],"version-history":[{"count":0,"href":"https:\/\/www.radioamigavallenar.cl\/index.php?rest_route=\/wp\/v2\/posts\/14619\/revisions"}],"wp:featuredmedia":[{"embeddable":true,"href":"https:\/\/www.radioamigavallenar.cl\/index.php?rest_route=\/wp\/v2\/media\/14620"}],"wp:attachment":[{"href":"https:\/\/www.radioamigavallenar.cl\/index.php?rest_route=%2Fwp%2Fv2%2Fmedia&parent=14619"}],"wp:term":[{"taxonomy":"category","embeddable":true,"href":"https:\/\/www.radioamigavallenar.cl\/index.php?rest_route=%2Fwp%2Fv2%2Fcategories&post=14619"},{"taxonomy":"post_tag","embeddable":true,"href":"https:\/\/www.radioamigavallenar.cl\/index.php?rest_route=%2Fwp%2Fv2%2Ftags&post=14619"}],"curies":[{"name":"wp","href":"https:\/\/api.w.org\/{rel}","templated":true}]}}