{"id":14602,"date":"2019-07-17T07:05:56","date_gmt":"2019-07-17T11:05:56","guid":{"rendered":"https:\/\/www.radioamigavallenar.cl\/?p=14602"},"modified":"2019-07-16T23:25:13","modified_gmt":"2019-07-17T03:25:13","slug":"indap-buscan-que-jovenes-rurales-siembren-nuevas-ideas-para-el-agro","status":"publish","type":"post","link":"https:\/\/www.radioamigavallenar.cl\/?p=14602","title":{"rendered":"INDAP: Buscan que j\u00f3venes rurales siembren nuevas ideas para el agro."},"content":{"rendered":"\n<figure class=\"wp-block-image\"><img loading=\"lazy\" decoding=\"async\" width=\"1024\" height=\"768\" src=\"https:\/\/www.radioamigavallenar.cl\/wp-content\/uploads\/2019\/07\/Mi-Rai\u0301z-1024x768.jpeg\" alt=\"\" class=\"wp-image-14603\" srcset=\"https:\/\/www.radioamigavallenar.cl\/wp-content\/uploads\/2019\/07\/Mi-Rai\u0301z.jpeg 1024w, https:\/\/www.radioamigavallenar.cl\/wp-content\/uploads\/2019\/07\/Mi-Rai\u0301z-300x225.jpeg 300w, https:\/\/www.radioamigavallenar.cl\/wp-content\/uploads\/2019\/07\/Mi-Rai\u0301z-768x576.jpeg 768w\" sizes=\"auto, (max-width: 1024px) 100vw, 1024px\" \/><\/figure>\n\n\n\n<h3 class=\"wp-block-heading\">Concurso nacional Mi Ra\u00edz liderado por FIA junto a INDAP tiene abiertas sus postulaciones hasta el 31 de julio.<\/h3>\n\n\n\n<p>Incentivar nuevas ideas para el desarrollo de los sectores agrario, agroalimentario y forestal, es el objetivo de una nueva versi\u00f3n del concurso Mi Ra\u00edz y que busca entusiasmar a j\u00f3venes de origen rural que detecten y capturen oportunidades de innovaci\u00f3n en su territorio, en la forma de proyectos.<\/p>\n\n\n\n<p>En esta versi\u00f3n de Mi Ra\u00edz, se har\u00e1 un especial \u00e9nfasis en la capacitaci\u00f3n de los j\u00f3venes, cuyo objetivo es entregar herramientas para identificar y sustentar el problema u oportunidad que se busca abordar con la propuesta; e identificar soluciones innovadoras que contribuyan a solucionar esa problem\u00e1tica y\/o aprovechar esa oportunidad.<\/p>\n\n\n\n<p>\u201cBuscamos entregarles a los j\u00f3venes las herramientas necesarias para que una idea se transforme en un proyecto de emprendimiento innovador, es por eso que hemos destinado cupos a lo largo de todo Chile a trav\u00e9s de macrozonas que est\u00e1n establecidas en las bases. El llamado es que todos los j\u00f3venes de origen rural y que tengan una idea innovadora, puedan desarrollarla con nuestro apoyo\u201d, indic\u00f3 la coordinadora del programa de Formaci\u00f3n de FIA, Paulina Gonz\u00e1lez.<\/p>\n\n\n\n<p>Los talleres de capacitaci\u00f3n estar\u00e1n a cargo de Socialab y adem\u00e1s en esta versi\u00f3n, INDAP formar\u00e1 parte de la convocatoria, participando en las instancias de evaluaci\u00f3n.<\/p>\n\n\n\n<p>Los mejores 15 proyectos, participar\u00e1n en una gira de innovaci\u00f3n internacional, financiada por FIA.<\/p>\n\n\n\n<p>Por su parte el Secretario Regional Ministerial de Agricultura, Patricio Araya Vargas, hace una invitaci\u00f3n a todos quienes tengan entre 18 y 35 a\u00f1os de edad y desde todos los territorios de Atacama, a participar \u201ccon el fin de que detecten y capturen oportunidades de innovaci\u00f3n en su entorno. Queremos incentivar a que los j\u00f3venes sigan cultivando el campo, mejorando la producci\u00f3n de sus tierras y con una buena calidad de vida, para que no se vean obligados a emigrar a la ciudad, por tener una falta de oportunidades en su entorno\u201d.<\/p>\n\n\n\n<p>Los postulantes deber\u00e1n acreditar que son de origen rural, lo que puede ser comprobado a trav\u00e9s de tres v\u00edas: Estar acreditado como usuario de INDAP, ser hijo o hija de usuario(a) de INDAP o haber cursado la ense\u00f1anza media en un establecimiento de una comuna rural\u201d<\/p>\n\n\n\n<p>Las capacitaciones se ejecutar\u00e1n por Macrozonas, definidas por FIA en conjunto con INDAP. En Atacama se realizar\u00e1n del 19 al 24 de agosto, en Santiago.<\/p>\n\n\n\n<p>Todas las consultas se deben hacer por escrito v\u00eda correo electr\u00f3nico a&nbsp;<a href=\"mailto:miraiz@fia.cl\">miraiz@fia.cl<\/a>, hasta el 29 de julio, y las bases est\u00e1n en&nbsp;<a href=\"http:\/\/www.fia.cl\/\">www.fia.cl.<\/a><\/p>\n","protected":false},"excerpt":{"rendered":"<p>Concurso nacional Mi Ra\u00edz liderado por FIA junto a INDAP tiene abiertas sus postulaciones hasta el 31 de julio. Incentivar nuevas ideas para el desarrollo&hellip; <\/p>\n","protected":false},"author":2,"featured_media":14603,"comment_status":"open","ping_status":"closed","sticky":false,"template":"","format":"standard","meta":{"footnotes":""},"categories":[7,37],"tags":[],"class_list":["post-14602","post","type-post","status-publish","format-standard","has-post-thumbnail","hentry","category-atacama","category-nacional"],"_links":{"self":[{"href":"https:\/\/www.radioamigavallenar.cl\/index.php?rest_route=\/wp\/v2\/posts\/14602","targetHints":{"allow":["GET"]}}],"collection":[{"href":"https:\/\/www.radioamigavallenar.cl\/index.php?rest_route=\/wp\/v2\/posts"}],"about":[{"href":"https:\/\/www.radioamigavallenar.cl\/index.php?rest_route=\/wp\/v2\/types\/post"}],"author":[{"embeddable":true,"href":"https:\/\/www.radioamigavallenar.cl\/index.php?rest_route=\/wp\/v2\/users\/2"}],"replies":[{"embeddable":true,"href":"https:\/\/www.radioamigavallenar.cl\/index.php?rest_route=%2Fwp%2Fv2%2Fcomments&post=14602"}],"version-history":[{"count":0,"href":"https:\/\/www.radioamigavallenar.cl\/index.php?rest_route=\/wp\/v2\/posts\/14602\/revisions"}],"wp:featuredmedia":[{"embeddable":true,"href":"https:\/\/www.radioamigavallenar.cl\/index.php?rest_route=\/wp\/v2\/media\/14603"}],"wp:attachment":[{"href":"https:\/\/www.radioamigavallenar.cl\/index.php?rest_route=%2Fwp%2Fv2%2Fmedia&parent=14602"}],"wp:term":[{"taxonomy":"category","embeddable":true,"href":"https:\/\/www.radioamigavallenar.cl\/index.php?rest_route=%2Fwp%2Fv2%2Fcategories&post=14602"},{"taxonomy":"post_tag","embeddable":true,"href":"https:\/\/www.radioamigavallenar.cl\/index.php?rest_route=%2Fwp%2Fv2%2Ftags&post=14602"}],"curies":[{"name":"wp","href":"https:\/\/api.w.org\/{rel}","templated":true}]}}