{"id":14237,"date":"2019-07-09T09:43:41","date_gmt":"2019-07-09T12:43:41","guid":{"rendered":"https:\/\/www.radioamigavallenar.cl\/?p=14237"},"modified":"2019-07-09T09:50:40","modified_gmt":"2019-07-09T12:50:40","slug":"agricultores-sacaron-provecho-en-mercados-campesinos-durante-eclipse-de-sol-en-atacama","status":"publish","type":"post","link":"https:\/\/www.radioamigavallenar.cl\/?p=14237","title":{"rendered":"Agricultores sacaron provecho en mercados campesinos durante eclipse de sol en Atacama."},"content":{"rendered":"\n<figure class=\"wp-block-image\"><img loading=\"lazy\" decoding=\"async\" width=\"1024\" height=\"576\" src=\"https:\/\/www.radioamigavallenar.cl\/wp-content\/uploads\/2019\/07\/maxresdefault-1024x576.jpg\" alt=\"\" class=\"wp-image-14238\" srcset=\"https:\/\/www.radioamigavallenar.cl\/wp-content\/uploads\/2019\/07\/maxresdefault-1024x576.jpg 1024w, https:\/\/www.radioamigavallenar.cl\/wp-content\/uploads\/2019\/07\/maxresdefault-300x169.jpg 300w, https:\/\/www.radioamigavallenar.cl\/wp-content\/uploads\/2019\/07\/maxresdefault-768x432.jpg 768w, https:\/\/www.radioamigavallenar.cl\/wp-content\/uploads\/2019\/07\/maxresdefault.jpg 1280w\" sizes=\"auto, (max-width: 1024px) 100vw, 1024px\" \/><\/figure>\n\n\n\n<h3 class=\"wp-block-heading\" style=\"text-align:left\">Agricultores que se desplegaron en los 30 m\u00f3dulos ubicados en los seis campamentos de la Regi\u00f3n Atacama donde se pudo ver el Eclipse Total de Sol, dan cuenta de lo exitosa que fue su jornada, lo que permite reconocer la plataforma de venta directa para la agricultura familiar y la respuesta que dieron los mercados campesinos a las expectativas de los visitantes.Pajarete, aceite de oliva, mermeladas, artesan\u00eda, aceitunas y hortalizas, fueron algunos de los productos que m\u00e1s llamaron la atenci\u00f3n de los visitantes en la regi\u00f3n; al menos eso fue lo que confirm\u00f3 Carlos Gajardo, de la comuna de Alto del Carmen, quien dijo que a las 10:30 de la ma\u00f1ana ya hab\u00eda vendido pr\u00e1cticamente la mitad de lo que llev\u00f3.<\/h3>\n\n\n\n<h3 class=\"wp-block-heading\">Agradeci\u00f3 la oportunidad que les fue ofrecida a trav\u00e9s del Instituto de Desarrollo Agropecuario (Indap) para poder mostrar sus productos, y as\u00ed obtener resultados favorables para su peque\u00f1a empresa familiar.\u201cYo vend\u00ed higos, nueces y pasas que tra\u00eda de La Cuesta en San F\u00e9lix, aparte de lo maravilloso que fue presenciar el eclipse, tenemos que seguir cuidando los mercados campesinos\u201d apunt\u00f3 el expositor.Mariela Herrera, directora regional de los mercados campesinos, quien manifest\u00f3 que, pese a la gran afluencia de personas, los agricultores fueron un atractivo e inter\u00e9s en los campamentos y que las ventas registraron la respuesta de la gente que prefiri\u00f3 la identidad regional con productos sanos, frescos y locales.El Secretario Regional Ministerial (Seremi) de Agricultura, Patricio Araya, agreg\u00f3 que fue una excelente instancia para acercar a los agricultores a nuevos mercados, lo cual es una de las l\u00edneas de trabajo que ha instruido el nuestro ministro, Antonio Walker, para desarrollar en regiones.\u201cNuestros esfuerzos est\u00e1n abocados a seguir potenciando la inocuidad y aumento de la producci\u00f3n, de forma tal que el p\u00fablico consuma productos de primera calidad y pueda acceder a ellos sin tener que trasladarse a los predios donde son producidos\u201d, complement\u00f3.Por \u00faltimo, el intendente de la regi\u00f3n, Patricio Urquieta, concluy\u00f3 que fue una gran oportunidad para la regi\u00f3n el poder mostrar al mundo las bondades de la zona, la identidad y los productos.<br><\/h3>\n","protected":false},"excerpt":{"rendered":"<p>Agricultores que se desplegaron en los 30 m\u00f3dulos ubicados en los seis campamentos de la Regi\u00f3n Atacama donde se pudo ver el Eclipse Total de&hellip; <\/p>\n","protected":false},"author":2,"featured_media":14238,"comment_status":"open","ping_status":"closed","sticky":false,"template":"","format":"standard","meta":{"footnotes":""},"categories":[7],"tags":[],"class_list":["post-14237","post","type-post","status-publish","format-standard","has-post-thumbnail","hentry","category-atacama"],"_links":{"self":[{"href":"https:\/\/www.radioamigavallenar.cl\/index.php?rest_route=\/wp\/v2\/posts\/14237","targetHints":{"allow":["GET"]}}],"collection":[{"href":"https:\/\/www.radioamigavallenar.cl\/index.php?rest_route=\/wp\/v2\/posts"}],"about":[{"href":"https:\/\/www.radioamigavallenar.cl\/index.php?rest_route=\/wp\/v2\/types\/post"}],"author":[{"embeddable":true,"href":"https:\/\/www.radioamigavallenar.cl\/index.php?rest_route=\/wp\/v2\/users\/2"}],"replies":[{"embeddable":true,"href":"https:\/\/www.radioamigavallenar.cl\/index.php?rest_route=%2Fwp%2Fv2%2Fcomments&post=14237"}],"version-history":[{"count":0,"href":"https:\/\/www.radioamigavallenar.cl\/index.php?rest_route=\/wp\/v2\/posts\/14237\/revisions"}],"wp:featuredmedia":[{"embeddable":true,"href":"https:\/\/www.radioamigavallenar.cl\/index.php?rest_route=\/wp\/v2\/media\/14238"}],"wp:attachment":[{"href":"https:\/\/www.radioamigavallenar.cl\/index.php?rest_route=%2Fwp%2Fv2%2Fmedia&parent=14237"}],"wp:term":[{"taxonomy":"category","embeddable":true,"href":"https:\/\/www.radioamigavallenar.cl\/index.php?rest_route=%2Fwp%2Fv2%2Fcategories&post=14237"},{"taxonomy":"post_tag","embeddable":true,"href":"https:\/\/www.radioamigavallenar.cl\/index.php?rest_route=%2Fwp%2Fv2%2Ftags&post=14237"}],"curies":[{"name":"wp","href":"https:\/\/api.w.org\/{rel}","templated":true}]}}