{"id":14234,"date":"2019-07-09T09:23:47","date_gmt":"2019-07-09T12:23:47","guid":{"rendered":"https:\/\/www.radioamigavallenar.cl\/?p=14234"},"modified":"2019-07-09T09:23:48","modified_gmt":"2019-07-09T12:23:48","slug":"daniel-llorente-presidente-de-corproa-el-largo-camino-que-debe-atravesar-un-proyecto-para-materializarse-aun-representa-fuertes-barreras-de-entrada","status":"publish","type":"post","link":"https:\/\/www.radioamigavallenar.cl\/?p=14234","title":{"rendered":"Daniel Llorente, presidente de CORPROA: \u201cEl largo camino que debe atravesar un proyecto para materializarse a\u00fan representa fuertes barreras de entrada\u201d"},"content":{"rendered":"\n<h3 class=\"wp-block-heading\">Finalizado el primer semestre del a\u00f1o, el l\u00edder gremial hace un repaso de la primera mitad de 2019, donde insiste en la necesidad de agilizar el avance de los proyectos de inversi\u00f3n, apurar la modernizaci\u00f3n tributaria y la flexibilizaci\u00f3n del mercado laboral.\u00a0<\/h3>\n\n\n\n<figure class=\"wp-block-image\"><img loading=\"lazy\" decoding=\"async\" width=\"712\" height=\"421\" src=\"https:\/\/www.radioamigavallenar.cl\/wp-content\/uploads\/2019\/07\/Daniel_LLorente_Corproa.jpg\" alt=\"\" class=\"wp-image-14235\" srcset=\"https:\/\/www.radioamigavallenar.cl\/wp-content\/uploads\/2019\/07\/Daniel_LLorente_Corproa.jpg 712w, https:\/\/www.radioamigavallenar.cl\/wp-content\/uploads\/2019\/07\/Daniel_LLorente_Corproa-300x177.jpg 300w\" sizes=\"auto, (max-width: 712px) 100vw, 712px\" \/><\/figure>\n\n\n\n<p><strong>\u00bfCu\u00e1les son las perspectivas de crecimiento que tiene CORPROA para el pa\u00eds y la regi\u00f3n en lo que resta del a\u00f1o \u00bfEn qu\u00e9 basan sus proyecciones?<\/strong>.<\/p>\n\n\n\n<p>Las cifras del IMACEC, de la primera parte del a\u00f1o, apuntar\u00edan a un crecimiento en torno a un 2,0%. Esto presiona a la actividad econ\u00f3mica para que crezca cerca de un 4,0% durante el segundo semestre y as\u00ed cumplir las previsiones del crecimiento para el a\u00f1o\u00a0 2019 efectuadas por el Banco Central, tomando en cuenta que la estimaci\u00f3n de crecimiento para el presente ejercicio, de acuerdo al propio Instituto Emisor, se encuentra en un rango de entre 2,75% y 3,5%.Alcanzar tal crecimiento en el segundo semestre, depende en gran parte de la soluci\u00f3n al conflicto entre China y Estados Unidos -asunto en el que Chile\u00a0 no tiene control-, la recuperaci\u00f3n del dinamismo en el sector minero y el aumento de la inversi\u00f3n.Por otra parte, el panorama en la regi\u00f3n parece ser m\u00e1s dif\u00edcil, las exportaciones de Atacama han acumulado un fuerte retroceso entre enero y abril de este a\u00f1o con una baja de m\u00e1s de un 30% en el valor de los env\u00edos respecto al a\u00f1o anterior y una disminuci\u00f3n de casi un 45% en el volumen exportado, en ambos casos explicado -principalmente- por el menor desempe\u00f1o del sector minero, a esto se a\u00f1ade la ca\u00edda en la producci\u00f3n minera que al mes de mayo acumula un 14,5% de decrecimiento, medido a trav\u00e9s del \u00cdndice de Producci\u00f3n Minera Regional (IPMIN).Cabe consignar que no solo el menor empuje de la miner\u00eda dificulta hacer una proyecci\u00f3n de crecimiento para la Regi\u00f3n de Atacama, la falta de indicadores de actividad regional como el INACER resta elementos que permitan elaborar alguna perspectiva, dependemos, por el momento, de los datos de crecimiento del Banco Central para conocer en qu\u00e9 medida la econom\u00eda regional ha crecido, o bien, retrocedido.Especificar, por ejemplo, si el crecimiento que esperan para el segundo trimestre tiene relaci\u00f3n con un factor real de aumento de productividad y de consumo o bien tiene relaci\u00f3n con la base de comparaci\u00f3n de 2018.A nivel nacional, seg\u00fan datos del Banco Central, se espera que la inversi\u00f3n siga impulsando el crecimiento del pa\u00eds, pero en menor medida a lo esperado a fines del 2018, al igual que el consumo. La base de comparaci\u00f3n del segundo semestre del 2018 es m\u00e1s exigente que la del 2017, por lo que de persistir los riesgos de la guerra comercial y el lento ritmo del sector minero las proyecciones de crecimiento podr\u00edan ajustarse a la baja.Para la Regi\u00f3n de Atacama se disponen por el momento de datos anualizados del PIB. Pese a que la variaci\u00f3n del PIB del 2017 fue negativa aun cuando la actividad minera creci\u00f3, para el a\u00f1o 2018 podr\u00eda preverse un resultado positivo atribuido a la construcci\u00f3n, sector que tambi\u00e9n ha mostrado buenas cifras durante el 2019 con un INACOR (\u00cdndice de Actividad de la Construcci\u00f3n Regional) acumulado entre enero y marzo de 2,9%, siendo las \u00fanica regi\u00f3n de la zona norte con n\u00fameros azules en esta medici\u00f3n, sumado a aumentos en los permisos de edificaci\u00f3n y mayores niveles de ocupaci\u00f3n en el sector.\u00a0<\/p>\n\n\n\n<p><strong>Para 2020, \u00bfcu\u00e1les son las proyecciones de crecimiento para el sector y el pa\u00eds? \u00bfEn qu\u00e9 basan sus an\u00e1lisis?<\/strong>.<\/p>\n\n\n\n<p>Suponiendo que las repercusiones negativas, especialmente en el mercado de los commodities, de las negociaciones entre China y Estados Unidos se aminoren, la consecuente aceleraci\u00f3n de la miner\u00eda y la materializaci\u00f3n de nuevas inversiones, por nombrar algunos, la expansi\u00f3n de la econom\u00eda nacional se encontrar\u00eda en un rango entre 3,0% y 3,5%.En el caso de Atacama asignar cualquier n\u00famero a una proyecci\u00f3n de crecimiento es aventurado, mientras que la econom\u00eda del pa\u00eds es relativamente capaz de compensar el menor desempe\u00f1o de un sector con mejores resultados en otros, la econom\u00eda regional es m\u00e1s vol\u00e1til y reaccionar\u00eda con mayor sensibilidad, por ejemplo, a una eventual contracci\u00f3n de la demanda por cobre.\u00a0<\/p>\n\n\n\n<p>\u00bf<strong>Qu\u00e9 temas son los que les preocupan para 2020<\/strong>?.<\/p>\n\n\n\n<p>A lo ya mencionado, es necesario agregar la modernizaci\u00f3n tributaria y la flexibilizaci\u00f3n del mercado laboral, mientras que particularmente en la Regi\u00f3n de Atacama existe la preocupaci\u00f3n constante sobre la ejecuci\u00f3n de grandes inversiones, que no s\u00f3lo aumenten el producto regional sino que tambi\u00e9n generen empleos. Recientemente se publicaron los resultados de una encuesta realizada por CADEM y CORPROA donde se destacan, dentro de las principales preocupaciones de los atacame\u00f1os, la falta de inversi\u00f3n p\u00fablica y privada y el consecuente desempleo.Seg\u00fan datos de la Oficina de Gesti\u00f3n de Proyectos Sustentables, en la Regi\u00f3n de Atacama la cartera de proyectos de inversi\u00f3n para los a\u00f1os 2019 &#8211; 2023 es de US$11.570 millones, de los cuales tan s\u00f3lo US$554 millones (equivalentes a cinco proyectos) est\u00e1n en etapa de construcci\u00f3n. En tanto, aunque las cifras de desocupaci\u00f3n han mostrado continuas bajas en comparaci\u00f3n al a\u00f1o anterior, persiste un alto porcentaje de informalidad laboral, as\u00ed en la \u00faltima medici\u00f3n correspondiente trimestre marzo &#8211; mayo si bien la cantidad de ocupados creci\u00f3 en 7,6%, la cantidad de ocupados informales aument\u00f3 en 14,1%, con ello la informalidad abarca cerca de un tercio de la ocupaci\u00f3n en la Regi\u00f3n de Atacama (la tasa de ocupaci\u00f3n informal en el trimestre marzo &#8211; mayo de 2019 alcanz\u00f3 un 29,9%).\u00a0<\/p>\n\n\n\n<p><strong>\u00bfC\u00f3mo eval\u00faan las medidas del gobierno? \u00bfQu\u00e9 impacto pueden tener en la inversi\u00f3n?.<\/strong><\/p>\n\n\n\n<p>Con un 4,8% de la cartera de proyectos de inversi\u00f3n en etapa de construcci\u00f3n (en base a datos de la Oficina de Gesti\u00f3n de Proyectos Sustentables) el impacto de las medidas \u201cPro-Inversi\u00f3n\u201d pareciera no ser el esperado todav\u00eda. Las modificaciones tributarias y el largo camino de tr\u00e1mites, permisos y observaciones que debe atravesar un proyecto para materializarse a\u00fan representan fuertes barreras de entrada. Esto no quiere decir que se deban transar est\u00e1ndares de sustentabilidad, pero si es necesaria mayor claridad en los procesos\u00a0 para generar inter\u00e9s y confianza en los inversores.<br><\/p>\n","protected":false},"excerpt":{"rendered":"<p>Finalizado el primer semestre del a\u00f1o, el l\u00edder gremial hace un repaso de la primera mitad de 2019, donde insiste en la necesidad de agilizar&hellip; <\/p>\n","protected":false},"author":2,"featured_media":14235,"comment_status":"open","ping_status":"closed","sticky":false,"template":"","format":"standard","meta":{"footnotes":""},"categories":[7],"tags":[],"class_list":["post-14234","post","type-post","status-publish","format-standard","has-post-thumbnail","hentry","category-atacama"],"_links":{"self":[{"href":"https:\/\/www.radioamigavallenar.cl\/index.php?rest_route=\/wp\/v2\/posts\/14234","targetHints":{"allow":["GET"]}}],"collection":[{"href":"https:\/\/www.radioamigavallenar.cl\/index.php?rest_route=\/wp\/v2\/posts"}],"about":[{"href":"https:\/\/www.radioamigavallenar.cl\/index.php?rest_route=\/wp\/v2\/types\/post"}],"author":[{"embeddable":true,"href":"https:\/\/www.radioamigavallenar.cl\/index.php?rest_route=\/wp\/v2\/users\/2"}],"replies":[{"embeddable":true,"href":"https:\/\/www.radioamigavallenar.cl\/index.php?rest_route=%2Fwp%2Fv2%2Fcomments&post=14234"}],"version-history":[{"count":0,"href":"https:\/\/www.radioamigavallenar.cl\/index.php?rest_route=\/wp\/v2\/posts\/14234\/revisions"}],"wp:featuredmedia":[{"embeddable":true,"href":"https:\/\/www.radioamigavallenar.cl\/index.php?rest_route=\/wp\/v2\/media\/14235"}],"wp:attachment":[{"href":"https:\/\/www.radioamigavallenar.cl\/index.php?rest_route=%2Fwp%2Fv2%2Fmedia&parent=14234"}],"wp:term":[{"taxonomy":"category","embeddable":true,"href":"https:\/\/www.radioamigavallenar.cl\/index.php?rest_route=%2Fwp%2Fv2%2Fcategories&post=14234"},{"taxonomy":"post_tag","embeddable":true,"href":"https:\/\/www.radioamigavallenar.cl\/index.php?rest_route=%2Fwp%2Fv2%2Ftags&post=14234"}],"curies":[{"name":"wp","href":"https:\/\/api.w.org\/{rel}","templated":true}]}}