{"id":14231,"date":"2019-07-09T09:13:45","date_gmt":"2019-07-09T12:13:45","guid":{"rendered":"https:\/\/www.radioamigavallenar.cl\/?p=14231"},"modified":"2019-07-09T09:13:47","modified_gmt":"2019-07-09T12:13:47","slug":"subsecretario-de-obras-publicas-lucas-palacios-plan-de-inversion-en-infraestructura-en-atacama-supera-los-830-millones-de-dolares-al-2022","status":"publish","type":"post","link":"https:\/\/www.radioamigavallenar.cl\/?p=14231","title":{"rendered":"Subsecretario de Obras P\u00fablicas Lucas Palacios: \u201cPlan de inversi\u00f3n en infraestructura en Atacama supera los 830 millones de d\u00f3lares al 2022\u201d"},"content":{"rendered":"\n<figure class=\"wp-block-image\"><img loading=\"lazy\" decoding=\"async\" width=\"1024\" height=\"576\" src=\"https:\/\/www.radioamigavallenar.cl\/wp-content\/uploads\/2019\/07\/1516917526-lucaspalacios-1024x576.jpg\" alt=\"\" class=\"wp-image-14232\" srcset=\"https:\/\/www.radioamigavallenar.cl\/wp-content\/uploads\/2019\/07\/1516917526-lucaspalacios-1024x576.jpg 1024w, https:\/\/www.radioamigavallenar.cl\/wp-content\/uploads\/2019\/07\/1516917526-lucaspalacios-300x169.jpg 300w, https:\/\/www.radioamigavallenar.cl\/wp-content\/uploads\/2019\/07\/1516917526-lucaspalacios-768x432.jpg 768w, https:\/\/www.radioamigavallenar.cl\/wp-content\/uploads\/2019\/07\/1516917526-lucaspalacios.jpg 1440w\" sizes=\"auto, (max-width: 1024px) 100vw, 1024px\" \/><\/figure>\n\n\n\n<h3 class=\"wp-block-heading\">Una serie de obras se construir\u00e1n en la Regi\u00f3n de Atacama de cara al 2022, plan de inversi\u00f3n que supera los 830 millones de d\u00f3lares, y donde se mencionan una serie de obras, las cuales podr\u00edan generar m\u00e1s de 12 mil empleos en la zona.\u00a0\u00a0<\/h3>\n\n\n\n<p>As\u00ed lo anunci\u00f3 el Subsecretario de Obras P\u00fablicas Lucas Palacios, quien desde la capital, explic\u00f3 este ambicioso proyecto: \u201cSe trata de un plan hist\u00f3rico, porque suman 830 millones de d\u00f3lares, lo que equivale a 3 mil 100 d\u00f3lares de inversi\u00f3n por cada habitante, corresponde a una de las cifras m\u00e1s altas de inversi\u00f3n por habitante en Chile, descontando las zonas extremas que tienen una gran cantidad de territorio\u201d.<br>\u00a0\u201cEste plan incluye inversiones reales, con el fin de poder disminuir la brecha en materia de inversi\u00f3n en infraestructura que existe en las regiones, las inversiones en infraestructura son inversiones sociales, que tienen un enorme impacto en la calidad de vida de las familias y personas\u201d, complement\u00f3.<\/p>\n\n\n\n<p><br>\u00a0Palacios enfatiz\u00f3 que con este proyecto se va a generar una serie de empleos en la zona: \u201cEste plan de inversiones va a generar del orden de los 12 mil 500 empleos, lo que va a entregar dinamismo econ\u00f3mico a la zona\u201d.<\/p>\n\n\n\n<p><br>\u00a0La autoridad explic\u00f3 que gran parte del monto de inversi\u00f3n, est\u00e1 destinado al mejoramiento de rutas: \u201cDe estos 830 millones de d\u00f3lares, hay 550 que est\u00e1n destinados a la conectividad terrestre, es decir a obras de vialidad, entre las m\u00e1s emblem\u00e1ticas, se encuentra el mejoramiento de la ruta entre Vallenar y Huasco, mejoramiento de la ruta hasta punta valeriano, la reposici\u00f3n de la ruta 5 desde Copiap\u00f3 a Traves\u00eda, entre otros\u201d.<\/p>\n\n\n\n<p><br>\u00a0\u201cTambi\u00e9n tenemos un programa de pavimentaci\u00f3n b\u00e1sico, y en la comuna de Copiap\u00f3 implica materializar m\u00e1s de 2 mil 200 kil\u00f3metros, y con eso se favorece a zonas rurales, entregando una mayor cercan\u00eda con las ciudades m\u00e1s habitadas, acercando colegios, hospitales y otros servicios a las comunidades m\u00e1s apartadas\u201d.<\/p>\n\n\n\n<p><br>\u00a0Sobre la misma Palacios agreg\u00f3 que: \u201cRespecto al mejoramiento del paso fronterizo San Francisco, consiste en la pavimentaci\u00f3n, en una longitud de 30 kil\u00f3metros hacia el sector de pedernales, lo que va a generar un gran intercambio tur\u00edstico y productivo para la Regi\u00f3n con el norte argentino\u201d.<\/p>\n\n\n\n<p><br>\u00a0AEROPUERTO<br>\u00a0Una de las obras m\u00e1s esperadas en la zona, tiene relaci\u00f3n con la ampliaci\u00f3n del Aeropuerto \u201cDesierto de Atacama\u201d, a la vez el Subsecretario de Obras P\u00fablicas Lucas Palacios, manifest\u00f3 que: \u201cVamos a triplicar la capacidad del Aeropuerto Desierto de Atacama, el cual hoy cuenta con 3 mil 100 metros cuadrados, y vamos a aumentar a m\u00e1s de 9 mil 500 metros cuadrados, esto va de la mano con el considerable aumento de pasajeros en la zona\u201d.<br>\u00a0\u201cEl a\u00f1o 2018 se superaron los 570 mil pasajeros, y este aumento considerable se ha visto reflejado en los \u00faltimos 10 a\u00f1os, de hecho a nivel pa\u00eds, el aumento de pasajeros que viaja en avi\u00f3n a aumentado en 12 por ciento anual, se trata de un crecimiento explosivo, y se necesitan aeropuertos que tengas las capacidades suficientes para entregar satisfactoria a los pasajeros\u201d, subray\u00f3.<br>\u00a0Finalmente Palacios explic\u00f3 en que fase de ejecuci\u00f3n se encuentra la ampliaci\u00f3n del principal terminal a\u00e9reo de la Regi\u00f3n: \u201cEn el caso de Atacama, se trata de un aeropuerto concesionado, y estamos preparando las bases de licitaci\u00f3n, los trabajos tienen relaci\u00f3n con ampliar nuevos puentes de embarque, mejoramiento y construcci\u00f3n para estacionamiento de aeronaves, ampliaci\u00f3n de estacionamiento para veh\u00edculos, ser\u00e1 un aeropuerto con todas las capacidades modernas y para generar vuelos internacionales\u201d, concluy\u00f3.<\/p>\n","protected":false},"excerpt":{"rendered":"<p>Una serie de obras se construir\u00e1n en la Regi\u00f3n de Atacama de cara al 2022, plan de inversi\u00f3n que supera los 830 millones de d\u00f3lares,&hellip; <\/p>\n","protected":false},"author":2,"featured_media":14232,"comment_status":"open","ping_status":"closed","sticky":false,"template":"","format":"standard","meta":{"footnotes":""},"categories":[7],"tags":[],"class_list":["post-14231","post","type-post","status-publish","format-standard","has-post-thumbnail","hentry","category-atacama"],"_links":{"self":[{"href":"https:\/\/www.radioamigavallenar.cl\/index.php?rest_route=\/wp\/v2\/posts\/14231","targetHints":{"allow":["GET"]}}],"collection":[{"href":"https:\/\/www.radioamigavallenar.cl\/index.php?rest_route=\/wp\/v2\/posts"}],"about":[{"href":"https:\/\/www.radioamigavallenar.cl\/index.php?rest_route=\/wp\/v2\/types\/post"}],"author":[{"embeddable":true,"href":"https:\/\/www.radioamigavallenar.cl\/index.php?rest_route=\/wp\/v2\/users\/2"}],"replies":[{"embeddable":true,"href":"https:\/\/www.radioamigavallenar.cl\/index.php?rest_route=%2Fwp%2Fv2%2Fcomments&post=14231"}],"version-history":[{"count":0,"href":"https:\/\/www.radioamigavallenar.cl\/index.php?rest_route=\/wp\/v2\/posts\/14231\/revisions"}],"wp:featuredmedia":[{"embeddable":true,"href":"https:\/\/www.radioamigavallenar.cl\/index.php?rest_route=\/wp\/v2\/media\/14232"}],"wp:attachment":[{"href":"https:\/\/www.radioamigavallenar.cl\/index.php?rest_route=%2Fwp%2Fv2%2Fmedia&parent=14231"}],"wp:term":[{"taxonomy":"category","embeddable":true,"href":"https:\/\/www.radioamigavallenar.cl\/index.php?rest_route=%2Fwp%2Fv2%2Fcategories&post=14231"},{"taxonomy":"post_tag","embeddable":true,"href":"https:\/\/www.radioamigavallenar.cl\/index.php?rest_route=%2Fwp%2Fv2%2Ftags&post=14231"}],"curies":[{"name":"wp","href":"https:\/\/api.w.org\/{rel}","templated":true}]}}