{"id":14227,"date":"2019-07-09T08:47:37","date_gmt":"2019-07-09T11:47:37","guid":{"rendered":"https:\/\/www.radioamigavallenar.cl\/?p=14227"},"modified":"2019-07-09T08:55:02","modified_gmt":"2019-07-09T11:55:02","slug":"sector-minero-eleva-demanda-de-mano-de-obra-y-numero-de-proyectos-a-realizar-en-2019-2023","status":"publish","type":"post","link":"https:\/\/www.radioamigavallenar.cl\/?p=14227","title":{"rendered":"Sector minero eleva demanda de mano de obra y n\u00famero de proyectos a realizar en 2019-2023"},"content":{"rendered":"\n<figure class=\"wp-block-image\"><img loading=\"lazy\" decoding=\"async\" width=\"768\" height=\"512\" src=\"https:\/\/www.radioamigavallenar.cl\/wp-content\/uploads\/2019\/07\/Rajo-13-Camilo-Carvajal-Editada-768x512.jpg\" alt=\"\" class=\"wp-image-14228\" srcset=\"https:\/\/www.radioamigavallenar.cl\/wp-content\/uploads\/2019\/07\/Rajo-13-Camilo-Carvajal-Editada-768x512.jpg 768w, https:\/\/www.radioamigavallenar.cl\/wp-content\/uploads\/2019\/07\/Rajo-13-Camilo-Carvajal-Editada-768x512-300x200.jpg 300w\" sizes=\"auto, (max-width: 768px) 100vw, 768px\" \/><\/figure>\n\n\n\n<p>Un catastro actualizado de demanda de mano de obra seg\u00fan los requerimientos de distintas iniciativas privadas y p\u00fablicas dio a conocer la Corporaci\u00f3n de Bienes de Capital (CBC) para el per\u00edodo 2019-2023.<\/p>\n\n\n\n<p>De acuerdo con el reporte, al 31 de marzo de 2019, se catastraron 863 iniciativas privadas y estatales, involucrando montos de inversi\u00f3n por US$53.146,6 millones. Esto implica una ca\u00edda respecto del \u00faltimo informe, que inclu\u00eda 2018 y que llegaba hasta 2022, y que consideraba 133 iniciativas m\u00e1s que el reporte actual (996 en total), y US$9.919 millones adicionales en inversi\u00f3n (de un total de US$63.062,6 millones).<\/p>\n\n\n\n<p>La CBC detalla que la mayor concentraci\u00f3n de proyectos en construcci\u00f3n se encuentra en la Regi\u00f3n Metropolitana, con una cartera de 178 iniciativas, le sigue la regi\u00f3n de Antofagasta (51), Valpara\u00edso (43) y, en el extremo opuesto, la Regi\u00f3n de Ays\u00e9n registra s\u00f3lo 11 iniciativas activas.<\/p>\n\n\n\n<p>De acuerdo con las estimaciones de la CBC, para el quinquenio el momento de mayor demanda de mano de obra se habr\u00eda producido en enero de 2019, con 111.273 personas, proveniente de 609 faenas simult\u00e1neas en esa fecha. Sin embargo, se registran diferencias seg\u00fan el sector de que se trate.<\/p>\n\n\n\n<p><strong>Peak en miner\u00eda<\/strong><\/p>\n\n\n\n<p>La CBC muestra que para el sector minero, si bien se mantiene el peak de demanda de mano de obra para octubre de este a\u00f1o al igual que el reporte anterior, aumenta el n\u00famero de personal que ser\u00e1 necesario.<\/p>\n\n\n\n<p>Es as\u00ed como la demanda aumenta desde 27.741 hasta 28.585 personas y tambi\u00e9n eleva el n\u00famero de proyectos identificados con cronograma definido, desde 41 a 48 iniciativas. Para los sectores de obras p\u00fablicas e inmobiliario, la CBC detalla que el peak de demanda se dio en enero de este a\u00f1o, aunque sus componentes difieren.<\/p>\n\n\n\n<p>Respecto del primero, si bien el mayor requerimiento de mano de obra fue 36.265 personas, inferior a las 44.212 del reporte anterior, el n\u00famero de iniciativas aumenta desde 267 (2018-2022) a 286 (2019-2023), concentrados en la Regi\u00f3n Metropolitana (US$7.203,8 millones). En su conjunto, el sector abarca el 31% de la inversi\u00f3n del quinquenio, totalizando US$16.657 millones (55% estatal y 45% privado), y destacan iniciativas como la ampliaci\u00f3n del Aeropuerto Arturo Merino Ben\u00edtez.<\/p>\n\n\n\n<p>Cabe se\u00f1alar que este catastro podr\u00eda sufrir modificaciones, si tal como lo ha anunciado el gobierno con su Agenda de Aceleraci\u00f3n Econ\u00f3mica, se adelanta el desarrollo de obras p\u00fablicas tradicionales, el Plan de Concesiones y la entrega de nuevos subsidios habitacionales y se materializan los recursos adicionales para la construcci\u00f3n de hospitales ya en marcha.<\/p>\n","protected":false},"excerpt":{"rendered":"<p>Un catastro actualizado de demanda de mano de obra seg\u00fan los requerimientos de distintas iniciativas privadas y p\u00fablicas dio a conocer la Corporaci\u00f3n de Bienes&hellip; <\/p>\n","protected":false},"author":2,"featured_media":14228,"comment_status":"open","ping_status":"closed","sticky":false,"template":"","format":"standard","meta":{"footnotes":""},"categories":[34],"tags":[],"class_list":["post-14227","post","type-post","status-publish","format-standard","has-post-thumbnail","hentry","category-mineria"],"_links":{"self":[{"href":"https:\/\/www.radioamigavallenar.cl\/index.php?rest_route=\/wp\/v2\/posts\/14227","targetHints":{"allow":["GET"]}}],"collection":[{"href":"https:\/\/www.radioamigavallenar.cl\/index.php?rest_route=\/wp\/v2\/posts"}],"about":[{"href":"https:\/\/www.radioamigavallenar.cl\/index.php?rest_route=\/wp\/v2\/types\/post"}],"author":[{"embeddable":true,"href":"https:\/\/www.radioamigavallenar.cl\/index.php?rest_route=\/wp\/v2\/users\/2"}],"replies":[{"embeddable":true,"href":"https:\/\/www.radioamigavallenar.cl\/index.php?rest_route=%2Fwp%2Fv2%2Fcomments&post=14227"}],"version-history":[{"count":0,"href":"https:\/\/www.radioamigavallenar.cl\/index.php?rest_route=\/wp\/v2\/posts\/14227\/revisions"}],"wp:featuredmedia":[{"embeddable":true,"href":"https:\/\/www.radioamigavallenar.cl\/index.php?rest_route=\/wp\/v2\/media\/14228"}],"wp:attachment":[{"href":"https:\/\/www.radioamigavallenar.cl\/index.php?rest_route=%2Fwp%2Fv2%2Fmedia&parent=14227"}],"wp:term":[{"taxonomy":"category","embeddable":true,"href":"https:\/\/www.radioamigavallenar.cl\/index.php?rest_route=%2Fwp%2Fv2%2Fcategories&post=14227"},{"taxonomy":"post_tag","embeddable":true,"href":"https:\/\/www.radioamigavallenar.cl\/index.php?rest_route=%2Fwp%2Fv2%2Ftags&post=14227"}],"curies":[{"name":"wp","href":"https:\/\/api.w.org\/{rel}","templated":true}]}}