{"id":14143,"date":"2019-06-27T10:15:25","date_gmt":"2019-06-27T13:15:25","guid":{"rendered":"https:\/\/www.radioamigavallenar.cl\/?p=14143"},"modified":"2019-06-27T10:15:25","modified_gmt":"2019-06-27T13:15:25","slug":"declaran-alerta-temprana-preventiva-por-vientos-en-la-zona-cordillerana-de-atacama","status":"publish","type":"post","link":"https:\/\/www.radioamigavallenar.cl\/?p=14143","title":{"rendered":"Declaran alerta temprana preventiva por vientos en la zona cordillerana de Atacama"},"content":{"rendered":"<h2><a href=\"https:\/\/www.radioamigavallenar.cl\/wp-content\/uploads\/2019\/01\/Cordillera.jpg\"><img loading=\"lazy\" decoding=\"async\" class=\"size-medium wp-image-12926 aligncenter\" src=\"https:\/\/www.radioamigavallenar.cl\/wp-content\/uploads\/2019\/01\/Cordillera-300x150.jpg\" alt=\"\" width=\"300\" height=\"150\" srcset=\"https:\/\/www.radioamigavallenar.cl\/wp-content\/uploads\/2019\/01\/Cordillera-300x150.jpg 300w, https:\/\/www.radioamigavallenar.cl\/wp-content\/uploads\/2019\/01\/Cordillera.jpg 700w\" sizes=\"auto, (max-width: 300px) 100vw, 300px\" \/><\/a><\/h2>\n<h2>Para las comunas de Diego de Almagro, Copiap\u00f3, Tierra Amarilla y Alto del Carmen<\/h2>\n<p><b>La informaci\u00f3n proporcionada por la Direcci\u00f3n Meteorol\u00f3gica de Chile<\/b>, mediante su Aviso Meteorol\u00f3gico emitido durante la presente jornada, indica que se pronostica viento normal a moderado en los sectores cordilleranos de la Regi\u00f3n de Atacama, entre los d\u00edas viernes 28 y s\u00e1bado 29 de junio, situaci\u00f3n que supone un aumento del riesgo asociado a esta variable.<\/p>\n<p>En consideraci\u00f3n a este antecedente, la Direcci\u00f3n Regional de ONEMI Atacama\u00a0<b>declara Alerta Temprana Preventiva\u00a0<\/b>para las comunas de Diego de Almagro, Copiap\u00f3, Tierra Amarilla y Alto del Carmen por viento, vigente a partir de hoy y hasta que las condiciones meteorol\u00f3gicas as\u00ed lo ameriten.<\/p>\n<p>La declaraci\u00f3n de esta alerta se constituye como un estado de reforzamiento de la vigilancia, mediante el monitoreo preciso y riguroso de las condiciones de riesgo y las respectivas vulnerabilidades asociadas a la amenaza, coordinando y activando al Sistema de Protecci\u00f3n Civil con el fin de actuar oportunamente frente a eventuales situaciones de emergencia.<\/p>\n","protected":false},"excerpt":{"rendered":"<p>Para las comunas de Diego de Almagro, Copiap\u00f3, Tierra Amarilla y Alto del Carmen La informaci\u00f3n proporcionada por la Direcci\u00f3n Meteorol\u00f3gica de Chile, mediante su&hellip; <\/p>\n","protected":false},"author":2,"featured_media":12926,"comment_status":"open","ping_status":"closed","sticky":false,"template":"","format":"standard","meta":{"footnotes":""},"categories":[7],"tags":[],"class_list":["post-14143","post","type-post","status-publish","format-standard","has-post-thumbnail","hentry","category-atacama"],"_links":{"self":[{"href":"https:\/\/www.radioamigavallenar.cl\/index.php?rest_route=\/wp\/v2\/posts\/14143","targetHints":{"allow":["GET"]}}],"collection":[{"href":"https:\/\/www.radioamigavallenar.cl\/index.php?rest_route=\/wp\/v2\/posts"}],"about":[{"href":"https:\/\/www.radioamigavallenar.cl\/index.php?rest_route=\/wp\/v2\/types\/post"}],"author":[{"embeddable":true,"href":"https:\/\/www.radioamigavallenar.cl\/index.php?rest_route=\/wp\/v2\/users\/2"}],"replies":[{"embeddable":true,"href":"https:\/\/www.radioamigavallenar.cl\/index.php?rest_route=%2Fwp%2Fv2%2Fcomments&post=14143"}],"version-history":[{"count":0,"href":"https:\/\/www.radioamigavallenar.cl\/index.php?rest_route=\/wp\/v2\/posts\/14143\/revisions"}],"wp:featuredmedia":[{"embeddable":true,"href":"https:\/\/www.radioamigavallenar.cl\/index.php?rest_route=\/wp\/v2\/media\/12926"}],"wp:attachment":[{"href":"https:\/\/www.radioamigavallenar.cl\/index.php?rest_route=%2Fwp%2Fv2%2Fmedia&parent=14143"}],"wp:term":[{"taxonomy":"category","embeddable":true,"href":"https:\/\/www.radioamigavallenar.cl\/index.php?rest_route=%2Fwp%2Fv2%2Fcategories&post=14143"},{"taxonomy":"post_tag","embeddable":true,"href":"https:\/\/www.radioamigavallenar.cl\/index.php?rest_route=%2Fwp%2Fv2%2Ftags&post=14143"}],"curies":[{"name":"wp","href":"https:\/\/api.w.org\/{rel}","templated":true}]}}