{"id":14075,"date":"2019-06-14T18:31:55","date_gmt":"2019-06-14T21:31:55","guid":{"rendered":"https:\/\/www.radioamigavallenar.cl\/?p=14075"},"modified":"2019-06-14T18:31:55","modified_gmt":"2019-06-14T21:31:55","slug":"declaracion-publica-nuevaunion-tema-sondajes","status":"publish","type":"post","link":"https:\/\/www.radioamigavallenar.cl\/?p=14075","title":{"rendered":"Declaraci\u00f3n p\u00fablica NuevaUni\u00f3n: Tema Sondajes"},"content":{"rendered":"<p><a href=\"https:\/\/www.radioamigavallenar.cl\/wp-content\/uploads\/2019\/06\/ducto.jpg\"><img loading=\"lazy\" decoding=\"async\" class=\"size-medium wp-image-14076 aligncenter\" src=\"https:\/\/www.radioamigavallenar.cl\/wp-content\/uploads\/2019\/06\/ducto-300x209.jpg\" alt=\"\" width=\"300\" height=\"209\" srcset=\"https:\/\/www.radioamigavallenar.cl\/wp-content\/uploads\/2019\/06\/ducto-300x209.jpg 300w, https:\/\/www.radioamigavallenar.cl\/wp-content\/uploads\/2019\/06\/ducto.jpg 700w\" sizes=\"auto, (max-width: 300px) 100vw, 300px\" \/><\/a><\/p>\n<p style=\"font-weight: 400;\">\u201cEn relaci\u00f3n a la interposici\u00f3n de recursos de protecci\u00f3n poniendo en duda la legalidad de los sondajes realizados, NuevaUni\u00f3n entiende que ha cumplido con el marco legal vigente y que ha actuado de buena fe informando y obteniendo de las autoridades competentes las autorizaciones para ejecutarlos. Los trabajos realizados tienen como objetivo asegurar que el cruce propuesto sea construido de manera ambientalmente segura y responsable. NuevaUni\u00f3n ha dialogado extensivamente con las comunidades del \u00e1rea para incorporar sus comentarios en el dise\u00f1o del proyecto.<\/p>\n<p style=\"font-weight: 400;\">En relaci\u00f3n a la orden de no innovar, NuevaUni\u00f3n aclara que dicha resoluci\u00f3n es de car\u00e1cter provisorio y que en caso alguno representa una decisi\u00f3n respecto a la legalidad de los sondajes.<\/p>\n<p style=\"font-weight: 400;\">NuevaUni\u00f3n reitera su compromiso de continuar cooperando y dialogando con las distintas comunidades de la Regi\u00f3n de Atacama y de la Provincia del Huasco, para desarrollar su proyecto minero en total cumplimiento de la regulaci\u00f3n ambiental chilena y los m\u00e1s altos est\u00e1ndares ambientales.\u201d<\/p>\n","protected":false},"excerpt":{"rendered":"<p>\u201cEn relaci\u00f3n a la interposici\u00f3n de recursos de protecci\u00f3n poniendo en duda la legalidad de los sondajes realizados, NuevaUni\u00f3n entiende que ha cumplido con el&hellip; <\/p>\n","protected":false},"author":2,"featured_media":14076,"comment_status":"open","ping_status":"closed","sticky":false,"template":"","format":"standard","meta":{"footnotes":""},"categories":[2],"tags":[],"class_list":["post-14075","post","type-post","status-publish","format-standard","has-post-thumbnail","hentry","category-vallenar"],"_links":{"self":[{"href":"https:\/\/www.radioamigavallenar.cl\/index.php?rest_route=\/wp\/v2\/posts\/14075","targetHints":{"allow":["GET"]}}],"collection":[{"href":"https:\/\/www.radioamigavallenar.cl\/index.php?rest_route=\/wp\/v2\/posts"}],"about":[{"href":"https:\/\/www.radioamigavallenar.cl\/index.php?rest_route=\/wp\/v2\/types\/post"}],"author":[{"embeddable":true,"href":"https:\/\/www.radioamigavallenar.cl\/index.php?rest_route=\/wp\/v2\/users\/2"}],"replies":[{"embeddable":true,"href":"https:\/\/www.radioamigavallenar.cl\/index.php?rest_route=%2Fwp%2Fv2%2Fcomments&post=14075"}],"version-history":[{"count":0,"href":"https:\/\/www.radioamigavallenar.cl\/index.php?rest_route=\/wp\/v2\/posts\/14075\/revisions"}],"wp:featuredmedia":[{"embeddable":true,"href":"https:\/\/www.radioamigavallenar.cl\/index.php?rest_route=\/wp\/v2\/media\/14076"}],"wp:attachment":[{"href":"https:\/\/www.radioamigavallenar.cl\/index.php?rest_route=%2Fwp%2Fv2%2Fmedia&parent=14075"}],"wp:term":[{"taxonomy":"category","embeddable":true,"href":"https:\/\/www.radioamigavallenar.cl\/index.php?rest_route=%2Fwp%2Fv2%2Fcategories&post=14075"},{"taxonomy":"post_tag","embeddable":true,"href":"https:\/\/www.radioamigavallenar.cl\/index.php?rest_route=%2Fwp%2Fv2%2Ftags&post=14075"}],"curies":[{"name":"wp","href":"https:\/\/api.w.org\/{rel}","templated":true}]}}