{"id":1382,"date":"2016-07-05T20:49:27","date_gmt":"2016-07-05T23:49:27","guid":{"rendered":"http:\/\/www.radioamigavallenar.cl\/?p=1382"},"modified":"2016-07-05T20:49:27","modified_gmt":"2016-07-05T23:49:27","slug":"indicadores-de-sedentarismo-y-practica-deportiva-en-chile-muestran-mejoria-en-los-ultimos-anos","status":"publish","type":"post","link":"https:\/\/www.radioamigavallenar.cl\/?p=1382","title":{"rendered":"Indicadores de sedentarismo y pr\u00e1ctica deportiva en Chile muestran mejor\u00eda en los \u00faltimos a\u00f1os"},"content":{"rendered":"<p style=\"text-align: justify;\"><a href=\"http:\/\/www.radioamigavallenar.cl\/wp-content\/uploads\/2016\/07\/estadistica-Deportes.jpg\"><img loading=\"lazy\" decoding=\"async\" class=\" size-medium wp-image-1386 aligncenter\" src=\"http:\/\/www.radioamigavallenar.cl\/wp-content\/uploads\/2016\/07\/estadistica-Deportes-300x200.jpg\" alt=\"estadistica Deportes\" width=\"300\" height=\"200\" srcset=\"https:\/\/www.radioamigavallenar.cl\/wp-content\/uploads\/2016\/07\/estadistica-Deportes-300x200.jpg 300w, https:\/\/www.radioamigavallenar.cl\/wp-content\/uploads\/2016\/07\/estadistica-Deportes.jpg 700w\" sizes=\"auto, (max-width: 300px) 100vw, 300px\" \/><\/a><\/p>\n<p style=\"text-align: justify;\">Tanto los indicadores de \u201cSedentarismo\u201d como de \u201cPracticantes\u201d han mejorado en los \u00faltimos a\u00f1os en Chile, seg\u00fan los datos de la encuesta 2015 de \u201cH\u00e1bitos de Actividad F\u00edsica y Deportes en la poblaci\u00f3n de 18 a\u00f1os y m\u00e1s\u201d presentada este lunes por la Ministra del Deporte, Natalia Riffo, la Subsecretaria de la cartera, Nicole S\u00e1ez, y un panel de expertos intersectoriales.<\/p>\n<p style=\"text-align: justify;\">En relaci\u00f3n a los resultados de la encuesta, la Ministra del Deporte, Natalia Riffo, se\u00f1al\u00f3 que \u201ca medida que se aumente la pr\u00e1ctica de actividad f\u00edsica, y en la medida que comencemos a generar h\u00e1bitos de promoci\u00f3n del deporte y de cultura deportiva vamos a tener como consecuencia la disminuci\u00f3n del sedentarismo y vamos a aportar a otros determinantes como la obesidad en ni\u00f1os y ni\u00f1as. Por lo tanto, nuestro foco hoy en d\u00eda es aumentar la pr\u00e1ctica de la actividad f\u00edsica\u201d.<\/p>\n<p style=\"text-align: justify;\"><strong>Estad\u00edsticas<\/strong><\/p>\n<p style=\"text-align: justify;\">A nivel geogr\u00e1fico, seis regiones est\u00e1n igual o sobre el promedio nacional de \u201cpracticantes\u201d de actividad f\u00edsica y deportes, siendo la regi\u00f3n de Antofagasta la que muestra los mejores \u00edndices (40,4%) y el Maule la que cierra los desempe\u00f1os regionales con 20,7%.<\/p>\n<p style=\"text-align: justify;\">Al respecto, el Seremi del Deporte Osvaldo Carvajal Rodr\u00edguez, se\u00f1al\u00f3 que la poblaci\u00f3n ha ido aumentando su inter\u00e9s por la actividad f\u00edsica: \u201cAtacama se ubica en la media nacional con un 31,8% de pr\u00e1ctica de actividad f\u00edsica y deportes, junto a otras cinco regiones, lo que significa un aumento desde 2012 donde la media nacional fue de 29,4%. Estos datos son un llamado a seguir trabajando para brindar las mejores condiciones y espacios para la pr\u00e1ctica de actividad f\u00edsica. En ese sentido, la millonaria inversi\u00f3n que est\u00e1 realizando el Gobierno Regional y el Ministerio del Deporte en infraestructura deportiva, ayudar\u00e1n a este cambio de h\u00e1bitos a estilos de vida saludable, donde la alimentaci\u00f3n, la actividad f\u00edsica y el deporte, son fundamentales para mejorar nuestra calidad de vida\u201d.<\/p>\n<p style=\"text-align: justify;\"><a href=\"http:\/\/www.radioamigavallenar.cl\/wp-content\/uploads\/2016\/07\/Estad\u00edstica-regional-pr\u00e1ctica-de-actividad-y-deporte-2016.jpg\" target=\"_blank\"><img loading=\"lazy\" decoding=\"async\" class=\" size-medium wp-image-1387 aligncenter\" src=\"http:\/\/www.radioamigavallenar.cl\/wp-content\/uploads\/2016\/07\/Estad\u00edstica-regional-pr\u00e1ctica-de-actividad-y-deporte-2016-300x207.jpg\" alt=\"Estad\u00edstica regional pr\u00e1ctica de actividad y deporte 2016\" width=\"300\" height=\"207\" srcset=\"https:\/\/www.radioamigavallenar.cl\/wp-content\/uploads\/2016\/07\/Estad\u00edstica-regional-pr\u00e1ctica-de-actividad-y-deporte-2016-300x207.jpg 300w, https:\/\/www.radioamigavallenar.cl\/wp-content\/uploads\/2016\/07\/Estad\u00edstica-regional-pr\u00e1ctica-de-actividad-y-deporte-2016.jpg 700w\" sizes=\"auto, (max-width: 300px) 100vw, 300px\" \/><\/a><\/p>\n<p style=\"text-align: justify;\">\n","protected":false},"excerpt":{"rendered":"<p>Tanto los indicadores de \u201cSedentarismo\u201d como de \u201cPracticantes\u201d han mejorado en los \u00faltimos a\u00f1os en Chile, seg\u00fan los datos de la encuesta 2015 de \u201cH\u00e1bitos&hellip; <\/p>\n","protected":false},"author":2,"featured_media":1386,"comment_status":"open","ping_status":"closed","sticky":false,"template":"","format":"standard","meta":{"footnotes":""},"categories":[8],"tags":[],"class_list":["post-1382","post","type-post","status-publish","format-standard","has-post-thumbnail","hentry","category-deportes"],"_links":{"self":[{"href":"https:\/\/www.radioamigavallenar.cl\/index.php?rest_route=\/wp\/v2\/posts\/1382","targetHints":{"allow":["GET"]}}],"collection":[{"href":"https:\/\/www.radioamigavallenar.cl\/index.php?rest_route=\/wp\/v2\/posts"}],"about":[{"href":"https:\/\/www.radioamigavallenar.cl\/index.php?rest_route=\/wp\/v2\/types\/post"}],"author":[{"embeddable":true,"href":"https:\/\/www.radioamigavallenar.cl\/index.php?rest_route=\/wp\/v2\/users\/2"}],"replies":[{"embeddable":true,"href":"https:\/\/www.radioamigavallenar.cl\/index.php?rest_route=%2Fwp%2Fv2%2Fcomments&post=1382"}],"version-history":[{"count":0,"href":"https:\/\/www.radioamigavallenar.cl\/index.php?rest_route=\/wp\/v2\/posts\/1382\/revisions"}],"wp:featuredmedia":[{"embeddable":true,"href":"https:\/\/www.radioamigavallenar.cl\/index.php?rest_route=\/wp\/v2\/media\/1386"}],"wp:attachment":[{"href":"https:\/\/www.radioamigavallenar.cl\/index.php?rest_route=%2Fwp%2Fv2%2Fmedia&parent=1382"}],"wp:term":[{"taxonomy":"category","embeddable":true,"href":"https:\/\/www.radioamigavallenar.cl\/index.php?rest_route=%2Fwp%2Fv2%2Fcategories&post=1382"},{"taxonomy":"post_tag","embeddable":true,"href":"https:\/\/www.radioamigavallenar.cl\/index.php?rest_route=%2Fwp%2Fv2%2Ftags&post=1382"}],"curies":[{"name":"wp","href":"https:\/\/api.w.org\/{rel}","templated":true}]}}